{"id":6925,"date":"2024-05-14T12:20:13","date_gmt":"2024-05-14T10:20:13","guid":{"rendered":"https:\/\/agora.xtec.cat\/ceip-santacreu-anglesola\/?p=6925"},"modified":"2024-05-16T19:41:21","modified_gmt":"2024-05-16T17:41:21","slug":"sortida-a-barcelona-de-cicle-superior","status":"publish","type":"post","link":"https:\/\/agora.xtec.cat\/ceip-santacreu-anglesola\/general\/sortida-a-barcelona-de-cicle-superior\/","title":{"rendered":"SORTIDA A BARCELONA DE CICLE SUPERIOR"},"content":{"rendered":"<p>El passat divendres 10 de maig l\u2019alumnat de 5\u00e8 i 6\u00e8 del nostre centre va anar al Museu de la ci\u00e8ncia \u201cCosmocaixa\u201d.<br \/>\nL\u2019alumnat de 5\u00e8 va fer una visita guiada pel Bosc inundat. All\u00ed van poder veure una gran quantitat d\u2019 esp\u00e8cies marines i tamb\u00e9 ar\u00e0cnids i insectes de diferents tipus.<br \/>\nL\u2019alumnat de 6\u00e8 van fer un taller de fen\u00f2mens el\u00e8ctrics on van experimentar en persona com es propaga l\u2019energia el\u00e8ctrica a trav\u00e9s de diferents materials i, fins i tot, a trav\u00e9s del cos hum\u00e0.<br \/>\nL\u2019activitat de la tarda va ser de caire diferent, ens vam apropar fins el Poble Nou i all\u00ed vam formar part del Musical Participatiu, junt amb nou escoles de la resta de Catalunya. Va ser molt<br \/>\nemocionant veure cantar a tots aquells nens i nenes dalt d\u2019un escenari amb una coreografia molt preparada. Les fam\u00edlies que van voler es van poder apropar al Teatre de l\u2019Alian\u00e7a del Poble Nou i gaudir de l\u2019espectacle.<br \/>\nPer concloure nom\u00e9s dir que va ser un dia profit\u00f3s i ple de noves viv\u00e8ncies i aprenentatges pel nostre alumnat.<\/p>\n<p><a href=\"https:\/\/agora.xtec.cat\/ceip-santacreu-anglesola\/general\/sortida-a-barcelona-de-cicle-superior-ocult\/\" target=\"_blank\" rel=\"noopener\"><img loading=\"lazy\" decoding=\"async\" class=\"aligncenter size-full wp-image-6926\" src=\"https:\/\/agora.xtec.cat\/ceip-santacreu-anglesola\/wp-content\/uploads\/usu483\/2024\/05\/lalianca-del-poble-nou-casino.jpg\" alt=\"\" width=\"500\" height=\"372\" srcset=\"https:\/\/agora.xtec.cat\/ceip-santacreu-anglesola\/wp-content\/uploads\/usu483\/2024\/05\/lalianca-del-poble-nou-casino.jpg 500w, https:\/\/agora.xtec.cat\/ceip-santacreu-anglesola\/wp-content\/uploads\/usu483\/2024\/05\/lalianca-del-poble-nou-casino-300x223.jpg 300w, https:\/\/agora.xtec.cat\/ceip-santacreu-anglesola\/wp-content\/uploads\/usu483\/2024\/05\/lalianca-del-poble-nou-casino-200x150.jpg 200w\" sizes=\"auto, (max-width: 500px) 100vw, 500px\" \/><\/a><\/p>\n","protected":false},"excerpt":{"rendered":"<p>El passat divendres 10 de maig l\u2019alumnat de 5\u00e8 i 6\u00e8 del nostre centre va anar al Museu de la ci\u00e8ncia \u201cCosmocaixa\u201d.<br \/>\nL\u2019alumnat de 5\u00e8 va fer una visita guiada pel Bosc inundat. All\u00ed van poder veure una gran quantitat d\u2019 esp\u00e8cies marines i tamb\u00e9 ar\u00e0cnids&hellip;  <a href=\"https:\/\/agora.xtec.cat\/ceip-santacreu-anglesola\/general\/sortida-a-barcelona-de-cicle-superior\/\" title=\"Read SORTIDA A BARCELONA DE CICLE SUPERIOR\">Llegeix m\u00e9s\u00bb<\/a><\/p>\n","protected":false},"author":11,"featured_media":0,"comment_status":"open","ping_status":"closed","sticky":false,"template":"","format":"standard","meta":{"_bbp_topic_count":0,"_bbp_reply_count":0,"_bbp_total_topic_count":0,"_bbp_total_reply_count":0,"_bbp_voice_count":0,"_bbp_anonymous_reply_count":0,"_bbp_topic_count_hidden":0,"_bbp_reply_count_hidden":0,"_bbp_forum_subforum_count":0,"footnotes":""},"categories":[1,4],"tags":[],"class_list":["post-6925","post","type-post","status-publish","format-standard","hentry","category-general","category-portada"],"post_mailing_queue_ids":[],"_links":{"self":[{"href":"https:\/\/agora.xtec.cat\/ceip-santacreu-anglesola\/wp-json\/wp\/v2\/posts\/6925","targetHints":{"allow":["GET"]}}],"collection":[{"href":"https:\/\/agora.xtec.cat\/ceip-santacreu-anglesola\/wp-json\/wp\/v2\/posts"}],"about":[{"href":"https:\/\/agora.xtec.cat\/ceip-santacreu-anglesola\/wp-json\/wp\/v2\/types\/post"}],"author":[{"embeddable":true,"href":"https:\/\/agora.xtec.cat\/ceip-santacreu-anglesola\/wp-json\/wp\/v2\/users\/11"}],"replies":[{"embeddable":true,"href":"https:\/\/agora.xtec.cat\/ceip-santacreu-anglesola\/wp-json\/wp\/v2\/comments?post=6925"}],"version-history":[{"count":4,"href":"https:\/\/agora.xtec.cat\/ceip-santacreu-anglesola\/wp-json\/wp\/v2\/posts\/6925\/revisions"}],"predecessor-version":[{"id":6935,"href":"https:\/\/agora.xtec.cat\/ceip-santacreu-anglesola\/wp-json\/wp\/v2\/posts\/6925\/revisions\/6935"}],"wp:attachment":[{"href":"https:\/\/agora.xtec.cat\/ceip-santacreu-anglesola\/wp-json\/wp\/v2\/media?parent=6925"}],"wp:term":[{"taxonomy":"category","embeddable":true,"href":"https:\/\/agora.xtec.cat\/ceip-santacreu-anglesola\/wp-json\/wp\/v2\/categories?post=6925"},{"taxonomy":"post_tag","embeddable":true,"href":"https:\/\/agora.xtec.cat\/ceip-santacreu-anglesola\/wp-json\/wp\/v2\/tags?post=6925"}],"curies":[{"name":"wp","href":"https:\/\/api.w.org\/{rel}","templated":true}]}}