{"id":6900,"date":"2024-05-10T10:19:42","date_gmt":"2024-05-10T08:19:42","guid":{"rendered":"https:\/\/agora.xtec.cat\/ceip-santacreu-anglesola\/?p=6900"},"modified":"2024-05-10T10:19:42","modified_gmt":"2024-05-10T08:19:42","slug":"els-alumnes-de-tercer-i-quart-visitem-el-parc-de-transit","status":"publish","type":"post","link":"https:\/\/agora.xtec.cat\/ceip-santacreu-anglesola\/general\/els-alumnes-de-tercer-i-quart-visitem-el-parc-de-transit\/","title":{"rendered":"ELS ALUMNES DE TERCER I QUART VISITEM EL PARC DE TR\u00c0NSIT"},"content":{"rendered":"<p>El dimecres 8 de maig, els alumnes de segon cicle de prim\u00e0ria vam visitar el Parc de Tr\u00e0nsit de T\u00e0rrega.<\/p>\n<p>Amb l\u2019ajuda d\u2019uns monitors vam realitzar diferents activitats sobre seguretat vi\u00e0ria. Vam interactuar amb diversos aspectes de la circulaci\u00f3 i vam aprendre a interpretar les senyals m\u00e9s importants i respectar les normes de tr\u00e0nsit tant per a vianants com per a conductors.<\/p>\n<p>Vam rec\u00f3rrer un circuit, amb diferents senyals, i amb bicicleta per poder practicar la nostra habilitat i simular la circulaci\u00f3 pel poble o ciutat.<\/p>\n<p>Ens ho vam passar molt b\u00e9 i vam aprendre molt!!<\/p>\n<p>Cliqueu damunt de la imatge per veure les fotos!<\/p>\n<p><a href=\"https:\/\/agora.xtec.cat\/ceip-santacreu-anglesola\/general\/parc-de-transit\/\"><img loading=\"lazy\" decoding=\"async\" class=\"size-medium wp-image-6901 alignleft\" src=\"https:\/\/agora.xtec.cat\/ceip-santacreu-anglesola\/wp-content\/uploads\/usu483\/2024\/05\/IMATGE-DE-PORTADA-300x300.jpg\" alt=\"\" width=\"300\" height=\"300\" srcset=\"https:\/\/agora.xtec.cat\/ceip-santacreu-anglesola\/wp-content\/uploads\/usu483\/2024\/05\/IMATGE-DE-PORTADA-300x300.jpg 300w, https:\/\/agora.xtec.cat\/ceip-santacreu-anglesola\/wp-content\/uploads\/usu483\/2024\/05\/IMATGE-DE-PORTADA-150x150.jpg 150w, https:\/\/agora.xtec.cat\/ceip-santacreu-anglesola\/wp-content\/uploads\/usu483\/2024\/05\/IMATGE-DE-PORTADA.bmp 740w\" sizes=\"auto, (max-width: 300px) 100vw, 300px\" \/><\/a><\/p>\n","protected":false},"excerpt":{"rendered":"<p>El dimecres 8 de maig, els alumnes de segon cicle de prim\u00e0ria vam visitar el Parc de Tr\u00e0nsit de T\u00e0rrega.<br \/>\nAmb l\u2019ajuda d\u2019uns monitors vam realitzar diferents activitats sobre seguretat vi\u00e0ria. Vam interactuar amb diversos aspectes de la circulaci\u00f3 i vam aprendre a interpretar les senyals&hellip;  <a href=\"https:\/\/agora.xtec.cat\/ceip-santacreu-anglesola\/general\/els-alumnes-de-tercer-i-quart-visitem-el-parc-de-transit\/\" title=\"Read ELS ALUMNES DE TERCER I QUART VISITEM EL PARC DE TR\u00c0NSIT\">Llegeix m\u00e9s\u00bb<\/a><\/p>\n","protected":false},"author":16,"featured_media":0,"comment_status":"open","ping_status":"closed","sticky":false,"template":"","format":"standard","meta":{"_bbp_topic_count":0,"_bbp_reply_count":0,"_bbp_total_topic_count":0,"_bbp_total_reply_count":0,"_bbp_voice_count":0,"_bbp_anonymous_reply_count":0,"_bbp_topic_count_hidden":0,"_bbp_reply_count_hidden":0,"_bbp_forum_subforum_count":0,"footnotes":""},"categories":[1,4,5],"tags":[],"class_list":["post-6900","post","type-post","status-publish","format-standard","hentry","category-general","category-portada","category-primaria"],"post_mailing_queue_ids":[],"_links":{"self":[{"href":"https:\/\/agora.xtec.cat\/ceip-santacreu-anglesola\/wp-json\/wp\/v2\/posts\/6900","targetHints":{"allow":["GET"]}}],"collection":[{"href":"https:\/\/agora.xtec.cat\/ceip-santacreu-anglesola\/wp-json\/wp\/v2\/posts"}],"about":[{"href":"https:\/\/agora.xtec.cat\/ceip-santacreu-anglesola\/wp-json\/wp\/v2\/types\/post"}],"author":[{"embeddable":true,"href":"https:\/\/agora.xtec.cat\/ceip-santacreu-anglesola\/wp-json\/wp\/v2\/users\/16"}],"replies":[{"embeddable":true,"href":"https:\/\/agora.xtec.cat\/ceip-santacreu-anglesola\/wp-json\/wp\/v2\/comments?post=6900"}],"version-history":[{"count":4,"href":"https:\/\/agora.xtec.cat\/ceip-santacreu-anglesola\/wp-json\/wp\/v2\/posts\/6900\/revisions"}],"predecessor-version":[{"id":6909,"href":"https:\/\/agora.xtec.cat\/ceip-santacreu-anglesola\/wp-json\/wp\/v2\/posts\/6900\/revisions\/6909"}],"wp:attachment":[{"href":"https:\/\/agora.xtec.cat\/ceip-santacreu-anglesola\/wp-json\/wp\/v2\/media?parent=6900"}],"wp:term":[{"taxonomy":"category","embeddable":true,"href":"https:\/\/agora.xtec.cat\/ceip-santacreu-anglesola\/wp-json\/wp\/v2\/categories?post=6900"},{"taxonomy":"post_tag","embeddable":true,"href":"https:\/\/agora.xtec.cat\/ceip-santacreu-anglesola\/wp-json\/wp\/v2\/tags?post=6900"}],"curies":[{"name":"wp","href":"https:\/\/api.w.org\/{rel}","templated":true}]}}