{"id":6890,"date":"2024-05-07T20:17:31","date_gmt":"2024-05-07T18:17:31","guid":{"rendered":"https:\/\/agora.xtec.cat\/ceip-santacreu-anglesola\/?p=6890"},"modified":"2024-05-07T20:17:31","modified_gmt":"2024-05-07T18:17:31","slug":"expressio-oral-en-angles","status":"publish","type":"post","link":"https:\/\/agora.xtec.cat\/ceip-santacreu-anglesola\/portada\/expressio-oral-en-angles\/","title":{"rendered":"Expressi\u00f3 Oral en Angl\u00e8s"},"content":{"rendered":"<p>Cada any l&#8217;alumnat de 6\u00e8 es prepara activitats en angl\u00e8s per als infants d&#8217;I5. Els nens i nenes de 6\u00e8 preparen les activitats en grups diferents. Cada grup t\u00e9 un conte en angl\u00e8s a partir del qual es pensen, dissenyen i preparen unes activitats que es durant a terme amb la classe d&#8217;I5. S\u00f3n, per tant, activitats pensades per la mainada de 5 i 6 anys.<\/p>\n<p>Aquesta \u00e9s una activitat molt enriquidora per ambd\u00f3s classes. Per l&#8217;alumnat de 6\u00e8 \u00e9s una oportunitat de practicar l&#8217;angl\u00e8s oral d&#8217;una manera diferent alhora que reforcen el treball en grup amb tots els seus avantatges (aprenentatge entre iguals, cooperaci\u00f3, di\u00e0leg constructiu, presa de decisions) i estimulen la imaginaci\u00f3 a l&#8217;hora de pensar activitats. Per la quitxalla d&#8217;I5 \u00e9s un moment molt especial compartit amb els m\u00e9s grans de l&#8217;escola.<\/p>\n<p>A m\u00e9s a m\u00e9s, mentre es desenvolupa l&#8217;activitat, els infants de 6\u00e8 duen a terme la coavaluaci\u00f3 dels companys per a la qual cosa cal observar molt b\u00e9 i analitzar, proc\u00e9s tamb\u00e9 molt important per a l&#8217;aprenentatge.<\/p>\n<p>Cliqueu a la imatge per a veure el v\u00eddeo.<\/p>\n<p><a href=\"https:\/\/agora.xtec.cat\/ceip-santacreu-anglesola\/?p=6892&amp;preview=true\"><img loading=\"lazy\" decoding=\"async\" class=\"alignnone\" src=\"https:\/\/www.fairy-tales.eu\/assets\/cache_image\/assets\/Files\/Images\/T-CLASIC-TALES_740x600_101.jpg\" alt=\"\" width=\"550\" height=\"350\" \/><\/a><\/p>\n","protected":false},"excerpt":{"rendered":"<p>Cada any l&#8217;alumnat de 6\u00e8 es prepara activitats en angl\u00e8s per als infants d&#8217;I5. Els nens i nenes de 6\u00e8 preparen les activitats en grups diferents. Cada grup t\u00e9 un conte en angl\u00e8s a partir del qual es pensen, dissenyen i preparen unes activitats que&hellip;  <a href=\"https:\/\/agora.xtec.cat\/ceip-santacreu-anglesola\/portada\/expressio-oral-en-angles\/\" title=\"Read Expressi\u00f3 Oral en Angl\u00e8s\">Llegeix m\u00e9s\u00bb<\/a><\/p>\n","protected":false},"author":3,"featured_media":0,"comment_status":"open","ping_status":"closed","sticky":false,"template":"","format":"standard","meta":{"_bbp_topic_count":0,"_bbp_reply_count":0,"_bbp_total_topic_count":0,"_bbp_total_reply_count":0,"_bbp_voice_count":0,"_bbp_anonymous_reply_count":0,"_bbp_topic_count_hidden":0,"_bbp_reply_count_hidden":0,"_bbp_forum_subforum_count":0,"footnotes":""},"categories":[15,9,4],"tags":[],"class_list":["post-6890","post","type-post","status-publish","format-standard","hentry","category-6e","category-p5","category-portada"],"post_mailing_queue_ids":[],"_links":{"self":[{"href":"https:\/\/agora.xtec.cat\/ceip-santacreu-anglesola\/wp-json\/wp\/v2\/posts\/6890","targetHints":{"allow":["GET"]}}],"collection":[{"href":"https:\/\/agora.xtec.cat\/ceip-santacreu-anglesola\/wp-json\/wp\/v2\/posts"}],"about":[{"href":"https:\/\/agora.xtec.cat\/ceip-santacreu-anglesola\/wp-json\/wp\/v2\/types\/post"}],"author":[{"embeddable":true,"href":"https:\/\/agora.xtec.cat\/ceip-santacreu-anglesola\/wp-json\/wp\/v2\/users\/3"}],"replies":[{"embeddable":true,"href":"https:\/\/agora.xtec.cat\/ceip-santacreu-anglesola\/wp-json\/wp\/v2\/comments?post=6890"}],"version-history":[{"count":2,"href":"https:\/\/agora.xtec.cat\/ceip-santacreu-anglesola\/wp-json\/wp\/v2\/posts\/6890\/revisions"}],"predecessor-version":[{"id":6894,"href":"https:\/\/agora.xtec.cat\/ceip-santacreu-anglesola\/wp-json\/wp\/v2\/posts\/6890\/revisions\/6894"}],"wp:attachment":[{"href":"https:\/\/agora.xtec.cat\/ceip-santacreu-anglesola\/wp-json\/wp\/v2\/media?parent=6890"}],"wp:term":[{"taxonomy":"category","embeddable":true,"href":"https:\/\/agora.xtec.cat\/ceip-santacreu-anglesola\/wp-json\/wp\/v2\/categories?post=6890"},{"taxonomy":"post_tag","embeddable":true,"href":"https:\/\/agora.xtec.cat\/ceip-santacreu-anglesola\/wp-json\/wp\/v2\/tags?post=6890"}],"curies":[{"name":"wp","href":"https:\/\/api.w.org\/{rel}","templated":true}]}}