{"id":6864,"date":"2024-04-30T11:30:00","date_gmt":"2024-04-30T09:30:00","guid":{"rendered":"https:\/\/agora.xtec.cat\/ceip-santacreu-anglesola\/?p=6864"},"modified":"2024-04-30T11:33:58","modified_gmt":"2024-04-30T09:33:58","slug":"en-tabalet-per-i3-i-5e","status":"publish","type":"post","link":"https:\/\/agora.xtec.cat\/ceip-santacreu-anglesola\/general\/en-tabalet-per-i3-i-5e\/","title":{"rendered":"EN TABALET PER I3 I 5\u00c8"},"content":{"rendered":"<p>Els beneficis d&#8217;explicar contes s\u00f3n nombrosos, per dir-ne uns quants podr\u00edem dir: ajuden a desenvolupar la imaginaci\u00f3, la creativitat i la fantasia, desperten la curiositat dels infants, afavoreixen el gust per la lectura i l&#8217;adquisici\u00f3 d&#8217;un bon h\u00e0bit lector, ajuden a identificar sentiments i emocions, treballen la capacitat d&#8217;atenci\u00f3, l&#8217;escolta, la memoritzaci\u00f3, enriqueixen la llengua adquirint nou vocabulari, afavoreixen la reflexi\u00f3, la conversa, el di\u00e0leg,&#8230;<\/p>\n<p>L&#8217;escola ben sabedora d&#8217;aquests m\u00faltiples beneficis sempre utilitza aquest recurs.<\/p>\n<p>Aquest trimestre un dels contes treballats amb el grup d&#8217;<span style=\"color: #339966;\"><strong>I3<\/strong> <span style=\"color: #000000;\">ha estat <\/span><\/span><span style=\"color: #ff6600;\"><strong>En Tabalet<\/strong><\/span> i una de les activitats al seu voltant ha estat fer una gravaci\u00f3 de la hist\u00f2ria amb la veu dels nens i les nenes. Aprofitant que el grup de <strong><span style=\"color: #339966;\">5\u00e8<\/span><\/strong> estava feinejant amb editors de v\u00eddeo a l&#8217;aula d&#8217;inform\u00e0tica, han editat un v\u00eddeo amb les imatges del conte d&#8217;<strong><span style=\"color: #ff6600;\">En Tabalet<\/span><\/strong> i hi han posat les veus de l&#8217;alumnat d&#8217;<strong><span style=\"color: #339966;\">I3<\/span><\/strong>.<\/p>\n<p>&nbsp;<\/p>\n<p>El resultat el podeu veure clicant a la seg\u00fcent imatge:<\/p>\n<p><a href=\"https:\/\/agora.xtec.cat\/ceip-santacreu-anglesola\/?p=6869&amp;preview=true\" target=\"_blank\" rel=\"noopener\"><img loading=\"lazy\" decoding=\"async\" class=\"aligncenter wp-image-6867 size-medium\" src=\"https:\/\/agora.xtec.cat\/ceip-santacreu-anglesola\/wp-content\/uploads\/usu483\/2024\/04\/Captura-261x300.jpg\" alt=\"\" width=\"261\" height=\"300\" srcset=\"https:\/\/agora.xtec.cat\/ceip-santacreu-anglesola\/wp-content\/uploads\/usu483\/2024\/04\/Captura-261x300.jpg 261w, https:\/\/agora.xtec.cat\/ceip-santacreu-anglesola\/wp-content\/uploads\/usu483\/2024\/04\/Captura.jpg 582w\" sizes=\"auto, (max-width: 261px) 100vw, 261px\" \/><\/a><\/p>\n<p><span style=\"color: #000000;\"><em><span lang=\"ca\">&#8220;Els llibres em van ensenyar a pensar, i el pensament em va fer lliure&#8221;. <strong>Ricardo Le\u00f3n<\/strong><\/span><\/em><\/span><\/p>\n<p>&nbsp;<\/p>\n<p>&nbsp;<\/p>\n<p>&nbsp;<\/p>\n","protected":false},"excerpt":{"rendered":"<p>Els beneficis d&#8217;explicar contes s\u00f3n nombrosos, per dir-ne uns quants podr\u00edem dir: ajuden a desenvolupar la imaginaci\u00f3, la creativitat i la fantasia, desperten la curiositat dels infants, afavoreixen el gust per la lectura i l&#8217;adquisici\u00f3 d&#8217;un bon h\u00e0bit lector, ajuden a identificar sentiments i emocions,&hellip;  <a href=\"https:\/\/agora.xtec.cat\/ceip-santacreu-anglesola\/general\/en-tabalet-per-i3-i-5e\/\" title=\"Read EN TABALET PER I3 I 5\u00c8\">Llegeix m\u00e9s\u00bb<\/a><\/p>\n","protected":false},"author":1,"featured_media":6867,"comment_status":"closed","ping_status":"closed","sticky":false,"template":"","format":"standard","meta":{"_bbp_topic_count":0,"_bbp_reply_count":0,"_bbp_total_topic_count":0,"_bbp_total_reply_count":0,"_bbp_voice_count":0,"_bbp_anonymous_reply_count":0,"_bbp_topic_count_hidden":0,"_bbp_reply_count_hidden":0,"_bbp_forum_subforum_count":0,"footnotes":""},"categories":[1,4],"tags":[],"class_list":["post-6864","post","type-post","status-publish","format-standard","has-post-thumbnail","hentry","category-general","category-portada"],"post_mailing_queue_ids":[],"_links":{"self":[{"href":"https:\/\/agora.xtec.cat\/ceip-santacreu-anglesola\/wp-json\/wp\/v2\/posts\/6864","targetHints":{"allow":["GET"]}}],"collection":[{"href":"https:\/\/agora.xtec.cat\/ceip-santacreu-anglesola\/wp-json\/wp\/v2\/posts"}],"about":[{"href":"https:\/\/agora.xtec.cat\/ceip-santacreu-anglesola\/wp-json\/wp\/v2\/types\/post"}],"author":[{"embeddable":true,"href":"https:\/\/agora.xtec.cat\/ceip-santacreu-anglesola\/wp-json\/wp\/v2\/users\/1"}],"replies":[{"embeddable":true,"href":"https:\/\/agora.xtec.cat\/ceip-santacreu-anglesola\/wp-json\/wp\/v2\/comments?post=6864"}],"version-history":[{"count":2,"href":"https:\/\/agora.xtec.cat\/ceip-santacreu-anglesola\/wp-json\/wp\/v2\/posts\/6864\/revisions"}],"predecessor-version":[{"id":6872,"href":"https:\/\/agora.xtec.cat\/ceip-santacreu-anglesola\/wp-json\/wp\/v2\/posts\/6864\/revisions\/6872"}],"wp:featuredmedia":[{"embeddable":true,"href":"https:\/\/agora.xtec.cat\/ceip-santacreu-anglesola\/wp-json\/wp\/v2\/media\/6867"}],"wp:attachment":[{"href":"https:\/\/agora.xtec.cat\/ceip-santacreu-anglesola\/wp-json\/wp\/v2\/media?parent=6864"}],"wp:term":[{"taxonomy":"category","embeddable":true,"href":"https:\/\/agora.xtec.cat\/ceip-santacreu-anglesola\/wp-json\/wp\/v2\/categories?post=6864"},{"taxonomy":"post_tag","embeddable":true,"href":"https:\/\/agora.xtec.cat\/ceip-santacreu-anglesola\/wp-json\/wp\/v2\/tags?post=6864"}],"curies":[{"name":"wp","href":"https:\/\/api.w.org\/{rel}","templated":true}]}}