{"id":6855,"date":"2024-04-27T14:51:20","date_gmt":"2024-04-27T12:51:20","guid":{"rendered":"https:\/\/agora.xtec.cat\/ceip-santacreu-anglesola\/?p=6855"},"modified":"2024-04-27T15:00:53","modified_gmt":"2024-04-27T13:00:53","slug":"premis-xi-concurs-de-redaccio-ciutada-xxi-5e","status":"publish","type":"post","link":"https:\/\/agora.xtec.cat\/ceip-santacreu-anglesola\/general\/premis-xi-concurs-de-redaccio-ciutada-xxi-5e\/","title":{"rendered":"PREMIS &#8220;XI Concurs de Redacci\u00f3: CIUTAD\u00c0 XXI\u201d. 5\u00c8"},"content":{"rendered":"<p>El divendres 26 d&#8217;abril a les 19\u201900h, a la Sala Jaume Magre de la Regidoria de Joventut, Educaci\u00f3 i Ocupaci\u00f3 de l\u2019Ajuntament de Lleida, es van lliurar els premis i reconeixements als guanyadors\/es i als\/les finalistes del Concurs de Redacci\u00f3 que cada any organitza l&#8217;Associaci\u00f3 Down de Lleida, aquest any amb el tema:\u00a0 \u201c#NoSomUnEstereotip\u201d.<\/p>\n<p>La classe de 5\u00e8 vam decidir de presentar-nos al concurs despr\u00e9s de la visita de l&#8217;Anna, una\u00a0 professional de l\u2019Associaci\u00f3,\u00a0 que ens va realitzar una sessi\u00f3 informativa i din\u00e0mica sobre les persones amb s\u00edndrome de <span class=\"il\">Down<\/span>.<\/p>\n<p>La presentaci\u00f3 a concursos de redaccions promou l&#8217;excel\u00b7l\u00e8ncia i implica encoratjar els estudiants a buscar la seva millor expressi\u00f3 escrita. Implica treballar la creativitat, l&#8217;originalitat, la profunditat i el pensament cr\u00edtic. A m\u00e9s a m\u00e9s, millora l&#8217;ortografia, la gram\u00e0tica, l&#8217;organitzaci\u00f3 d&#8217;idees, la coher\u00e8ncia, el vocabulari&#8230; \u00e9s a dir, les habilitats d&#8217;escriptura.<\/p>\n<p>El jurat del Concurs estava format per:<\/p>\n<ul>\n<li style=\"list-style-type: none;\">\n<ul>\n<li>Sr. Claudi Vidal Gimbert<br \/>\nDirector dels Serveis Territorials d\u2019Educaci\u00f3 a Lleida<\/li>\n<li>Sr. Xavier Blanco P\u00e9rez<br \/>\nRegidor de Joventut, Educaci\u00f3 i Ocupaci\u00f3<\/li>\n<li>Sra. Montserrat Ru\u00e9 Monn\u00e9<br \/>\nVicerectora d\u2019Estudiants i Ocupabilitat de la Universitat de Lleida<\/li>\n<li>Sra. Laura Alcalde Ca\u00f1izares<br \/>\nPresidenta de la demarcaci\u00f3 de Lleida del Col\u00b7legi de Periodistes de Catalunya<\/li>\n<li>Sra. Olga Par\u00e9s Simon<br \/>\nPresidenta de Down Lleida<\/li>\n<\/ul>\n<\/li>\n<\/ul>\n<p>El premis i els reconeixements van ser per:<\/p>\n<ul>\n<li style=\"list-style-type: none;\">\n<ul style=\"list-style-type: circle;\">\n<li>Ariana Caster\u00e0s: 1r premi<\/li>\n<li>Nil Colom:\u00a0 2n premi<\/li>\n<li>N\u00faria Viles:\u00a0 Finalista<\/li>\n<li>Llu\u00eds Valentines: Finalista<\/li>\n<li>Jordi Pina: Finalista<\/li>\n<li>Laia Valls: Finalista<\/li>\n<li>Gerard Mir\u00f3: Finalista<\/li>\n<\/ul>\n<\/li>\n<\/ul>\n<p><strong>MOLTES FELICITATS!!!<\/strong><\/p>\n<p>&nbsp;<\/p>\n<p>Clicant a la seg\u00fcent imatge podreu veure les fotografies:<\/p>\n<p><a href=\"https:\/\/agora.xtec.cat\/ceip-santacreu-anglesola\/?p=6857&amp;preview=true\" target=\"_blank\" rel=\"noopener\"><img loading=\"lazy\" decoding=\"async\" class=\"alignnone wp-image-6591 size-medium\" src=\"https:\/\/agora.xtec.cat\/ceip-santacreu-anglesola\/wp-content\/uploads\/usu483\/2024\/02\/downlleida-300x200.jpg\" alt=\"\" width=\"300\" height=\"200\" srcset=\"https:\/\/agora.xtec.cat\/ceip-santacreu-anglesola\/wp-content\/uploads\/usu483\/2024\/02\/downlleida-300x200.jpg 300w, https:\/\/agora.xtec.cat\/ceip-santacreu-anglesola\/wp-content\/uploads\/usu483\/2024\/02\/downlleida.jpg 450w\" sizes=\"auto, (max-width: 300px) 100vw, 300px\" \/><\/a><\/p>\n<p>&nbsp;<\/p>\n","protected":false},"excerpt":{"rendered":"<p>El divendres 26 d&#8217;abril a les 19\u201900h, a la Sala Jaume Magre de la Regidoria de Joventut, Educaci\u00f3 i Ocupaci\u00f3 de l\u2019Ajuntament de Lleida, es van lliurar els premis i reconeixements als guanyadors\/es i als\/les finalistes del Concurs de Redacci\u00f3 que cada any organitza l&#8217;Associaci\u00f3&hellip;  <a href=\"https:\/\/agora.xtec.cat\/ceip-santacreu-anglesola\/general\/premis-xi-concurs-de-redaccio-ciutada-xxi-5e\/\" title=\"Read PREMIS &#8220;XI Concurs de Redacci\u00f3: CIUTAD\u00c0 XXI\u201d. 5\u00c8\">Llegeix m\u00e9s\u00bb<\/a><\/p>\n","protected":false},"author":1,"featured_media":6591,"comment_status":"closed","ping_status":"closed","sticky":false,"template":"","format":"standard","meta":{"_bbp_topic_count":0,"_bbp_reply_count":0,"_bbp_total_topic_count":0,"_bbp_total_reply_count":0,"_bbp_voice_count":0,"_bbp_anonymous_reply_count":0,"_bbp_topic_count_hidden":0,"_bbp_reply_count_hidden":0,"_bbp_forum_subforum_count":0,"footnotes":""},"categories":[1,4],"tags":[],"class_list":["post-6855","post","type-post","status-publish","format-standard","has-post-thumbnail","hentry","category-general","category-portada"],"post_mailing_queue_ids":[],"_links":{"self":[{"href":"https:\/\/agora.xtec.cat\/ceip-santacreu-anglesola\/wp-json\/wp\/v2\/posts\/6855","targetHints":{"allow":["GET"]}}],"collection":[{"href":"https:\/\/agora.xtec.cat\/ceip-santacreu-anglesola\/wp-json\/wp\/v2\/posts"}],"about":[{"href":"https:\/\/agora.xtec.cat\/ceip-santacreu-anglesola\/wp-json\/wp\/v2\/types\/post"}],"author":[{"embeddable":true,"href":"https:\/\/agora.xtec.cat\/ceip-santacreu-anglesola\/wp-json\/wp\/v2\/users\/1"}],"replies":[{"embeddable":true,"href":"https:\/\/agora.xtec.cat\/ceip-santacreu-anglesola\/wp-json\/wp\/v2\/comments?post=6855"}],"version-history":[{"count":5,"href":"https:\/\/agora.xtec.cat\/ceip-santacreu-anglesola\/wp-json\/wp\/v2\/posts\/6855\/revisions"}],"predecessor-version":[{"id":6863,"href":"https:\/\/agora.xtec.cat\/ceip-santacreu-anglesola\/wp-json\/wp\/v2\/posts\/6855\/revisions\/6863"}],"wp:featuredmedia":[{"embeddable":true,"href":"https:\/\/agora.xtec.cat\/ceip-santacreu-anglesola\/wp-json\/wp\/v2\/media\/6591"}],"wp:attachment":[{"href":"https:\/\/agora.xtec.cat\/ceip-santacreu-anglesola\/wp-json\/wp\/v2\/media?parent=6855"}],"wp:term":[{"taxonomy":"category","embeddable":true,"href":"https:\/\/agora.xtec.cat\/ceip-santacreu-anglesola\/wp-json\/wp\/v2\/categories?post=6855"},{"taxonomy":"post_tag","embeddable":true,"href":"https:\/\/agora.xtec.cat\/ceip-santacreu-anglesola\/wp-json\/wp\/v2\/tags?post=6855"}],"curies":[{"name":"wp","href":"https:\/\/api.w.org\/{rel}","templated":true}]}}