{"id":6841,"date":"2024-04-26T10:26:50","date_gmt":"2024-04-26T08:26:50","guid":{"rendered":"https:\/\/agora.xtec.cat\/ceip-santacreu-anglesola\/?p=6841"},"modified":"2024-05-02T10:57:31","modified_gmt":"2024-05-02T08:57:31","slug":"sant-jordi-2024","status":"publish","type":"post","link":"https:\/\/agora.xtec.cat\/ceip-santacreu-anglesola\/general\/sant-jordi-2024\/","title":{"rendered":"Sant Jordi 2024"},"content":{"rendered":"<p>Dimarts 23 d\u2019abril vam celebrar la diada de Sant Jordi amb activitats especials, diferents i divertides. Per comen\u00e7ar, l\u2019alumnat d\u2019educaci\u00f3 infantil van fer una visita a la biblioteca d\u2019Anglesola. \u00a0Alli van gaudir d\u2019una dramatitzaci\u00f3 de la llegenda de Sant Jordi seguida d\u2019una bona estona de pintura. Els nens i nenes d\u2019educaci\u00f3 prim\u00e0ria van fer diferents tallers i jocs relacionats amb la llengua: mots encreuats, sopes de lletres, paraul\u00f2gic, wordle, qui \u00e9s qui?&#8230;<\/p>\n<p>Els Jocs Florals de la tarda van coronar una jornada plena d\u2019art i cultura. Actuacions variades des dels m\u00e9s petits d\u2019I3 fins als veterans de 6\u00e8 van ser una mostra del talent, l\u2019esfor\u00e7 i la dedicaci\u00f3 que caracteritza al nostre alumnat. Poesia i m\u00fasica ens ho van fer passar d\u2019all\u00f2 m\u00e9s b\u00e9.<\/p>\n<p>Un dia perfecte per presentar les novetats liter\u00e0ries de les que disposem a la biblioteca. Fem especial agra\u00efment a l\u2019AMPA i a la Coral \u201cJoia de Maig\u201d per les seves donacions de llibres.<\/p>\n<p>Cliqueu la imatge per veure les fotos.<\/p>\n<p>&nbsp;<\/p>\n<p style=\"text-align: center;\"><a href=\"https:\/\/agora.xtec.cat\/ceip-santacreu-anglesola\/?p=6835&amp;preview=true\" target=\"_blank\" rel=\"noopener\"><img loading=\"lazy\" decoding=\"async\" class=\"alignnone wp-image-6847 size-full\" src=\"https:\/\/agora.xtec.cat\/ceip-santacreu-anglesola\/wp-content\/uploads\/usu483\/2024\/04\/resized_Captura.jpg\" alt=\"\" width=\"262\" height=\"173\" \/><\/a><\/p>\n","protected":false},"excerpt":{"rendered":"<p>Dimarts 23 d\u2019abril vam celebrar la diada de Sant Jordi amb activitats especials, diferents i divertides. Per comen\u00e7ar, l\u2019alumnat d\u2019educaci\u00f3 infantil van fer una visita a la biblioteca d\u2019Anglesola. \u00a0Alli van gaudir d\u2019una dramatitzaci\u00f3 de la llegenda de Sant Jordi seguida d\u2019una bona estona de&hellip;  <a href=\"https:\/\/agora.xtec.cat\/ceip-santacreu-anglesola\/general\/sant-jordi-2024\/\" title=\"Read Sant Jordi 2024\">Llegeix m\u00e9s\u00bb<\/a><\/p>\n","protected":false},"author":27,"featured_media":0,"comment_status":"open","ping_status":"closed","sticky":false,"template":"","format":"standard","meta":{"_bbp_topic_count":0,"_bbp_reply_count":0,"_bbp_total_topic_count":0,"_bbp_total_reply_count":0,"_bbp_voice_count":0,"_bbp_anonymous_reply_count":0,"_bbp_topic_count_hidden":0,"_bbp_reply_count_hidden":0,"_bbp_forum_subforum_count":0,"footnotes":""},"categories":[1,4],"tags":[],"class_list":["post-6841","post","type-post","status-publish","format-standard","hentry","category-general","category-portada"],"post_mailing_queue_ids":[],"_links":{"self":[{"href":"https:\/\/agora.xtec.cat\/ceip-santacreu-anglesola\/wp-json\/wp\/v2\/posts\/6841","targetHints":{"allow":["GET"]}}],"collection":[{"href":"https:\/\/agora.xtec.cat\/ceip-santacreu-anglesola\/wp-json\/wp\/v2\/posts"}],"about":[{"href":"https:\/\/agora.xtec.cat\/ceip-santacreu-anglesola\/wp-json\/wp\/v2\/types\/post"}],"author":[{"embeddable":true,"href":"https:\/\/agora.xtec.cat\/ceip-santacreu-anglesola\/wp-json\/wp\/v2\/users\/27"}],"replies":[{"embeddable":true,"href":"https:\/\/agora.xtec.cat\/ceip-santacreu-anglesola\/wp-json\/wp\/v2\/comments?post=6841"}],"version-history":[{"count":6,"href":"https:\/\/agora.xtec.cat\/ceip-santacreu-anglesola\/wp-json\/wp\/v2\/posts\/6841\/revisions"}],"predecessor-version":[{"id":6881,"href":"https:\/\/agora.xtec.cat\/ceip-santacreu-anglesola\/wp-json\/wp\/v2\/posts\/6841\/revisions\/6881"}],"wp:attachment":[{"href":"https:\/\/agora.xtec.cat\/ceip-santacreu-anglesola\/wp-json\/wp\/v2\/media?parent=6841"}],"wp:term":[{"taxonomy":"category","embeddable":true,"href":"https:\/\/agora.xtec.cat\/ceip-santacreu-anglesola\/wp-json\/wp\/v2\/categories?post=6841"},{"taxonomy":"post_tag","embeddable":true,"href":"https:\/\/agora.xtec.cat\/ceip-santacreu-anglesola\/wp-json\/wp\/v2\/tags?post=6841"}],"curies":[{"name":"wp","href":"https:\/\/api.w.org\/{rel}","templated":true}]}}