{"id":6815,"date":"2024-04-19T12:14:22","date_gmt":"2024-04-19T10:14:22","guid":{"rendered":"https:\/\/agora.xtec.cat\/ceip-santacreu-anglesola\/?p=6815"},"modified":"2024-04-19T13:58:21","modified_gmt":"2024-04-19T11:58:21","slug":"concurs-el-gust-per-la-lectura-5e","status":"publish","type":"post","link":"https:\/\/agora.xtec.cat\/ceip-santacreu-anglesola\/general\/concurs-el-gust-per-la-lectura-5e\/","title":{"rendered":"CONCURS &#8220;EL GUST PER LA LECTURA&#8221; 5\u00c8"},"content":{"rendered":"<p>Durant el primer trimestre la classe de 5\u00e8 vam llegir &#8220;Les bruixes&#8221; una novel\u00b7la infantil escrita per Roald Dahl. Vam gaudir molt, ja que \u00e9s una hist\u00f2ria molt divertida on un nen i la seva padrina s&#8217;han d&#8217;enfrontar a unes bruixes que volen convertir a tots els nens i nenes del m\u00f3n en ratolins!!<\/p>\n<p>La lectura d&#8217;aquest llibre ens ha obert les portes a participar al XXIX Concurs &#8220;El gust per la lectura&#8221; que organitza el Departament d&#8217;Educaci\u00f3 de la Generalitat de Catalunya, en la Categoria C i Modalitat C1.<\/p>\n<p>El treball que s&#8217;havia de fer despr\u00e9s de la lectura consistia en una producci\u00f3 liter\u00e0ria\/art\u00edstica de car\u00e0cter obert i creatiu. Nosaltres ens vam decidir per fer una auca i de t\u00edtol li vam posar &#8220;El pla secret de les bruixes&#8221;.<\/p>\n<p>L&#8217;experi\u00e8ncia va ser molt divertida, des de la lectura, la tert\u00falia liter\u00e0ria, els rodolins, els dibuixos i tota la fase de producci\u00f3 de l&#8217;auca: distribuci\u00f3, ordre, qu\u00e8 explicar, qu\u00e8 dibuixar,&#8230;<\/p>\n<p>Del resultat n&#8217;estem molt contents!! Us el compartim \ud83d\ude42<\/p>\n<p style=\"text-align: center;\"><a href=\"https:\/\/agora.xtec.cat\/ceip-santacreu-anglesola\/wp-content\/uploads\/usu483\/2024\/04\/Foto-Auca-1.jpg\"><img loading=\"lazy\" decoding=\"async\" class=\"alignnone size-medium wp-image-6817\" src=\"https:\/\/agora.xtec.cat\/ceip-santacreu-anglesola\/wp-content\/uploads\/usu483\/2024\/04\/Foto-Auca-1-214x300.jpg\" alt=\"\" width=\"214\" height=\"300\" \/><\/a> <a href=\"https:\/\/agora.xtec.cat\/ceip-santacreu-anglesola\/wp-content\/uploads\/usu483\/2024\/04\/Foto-Auca-2.jpg\"><img loading=\"lazy\" decoding=\"async\" class=\"alignnone size-medium wp-image-6818\" src=\"https:\/\/agora.xtec.cat\/ceip-santacreu-anglesola\/wp-content\/uploads\/usu483\/2024\/04\/Foto-Auca-2-211x300.jpg\" alt=\"\" width=\"211\" height=\"300\" srcset=\"https:\/\/agora.xtec.cat\/ceip-santacreu-anglesola\/wp-content\/uploads\/usu483\/2024\/04\/Foto-Auca-2-211x300.jpg 211w, https:\/\/agora.xtec.cat\/ceip-santacreu-anglesola\/wp-content\/uploads\/usu483\/2024\/04\/Foto-Auca-2.jpg 535w\" sizes=\"auto, (max-width: 211px) 100vw, 211px\" \/><\/a><\/p>\n","protected":false},"excerpt":{"rendered":"<p>Durant el primer trimestre la classe de 5\u00e8 vam llegir &#8220;Les bruixes&#8221; una novel\u00b7la infantil escrita per Roald Dahl. Vam gaudir molt, ja que \u00e9s una hist\u00f2ria molt divertida on un nen i la seva padrina s&#8217;han d&#8217;enfrontar a unes bruixes que volen convertir a&hellip;  <a href=\"https:\/\/agora.xtec.cat\/ceip-santacreu-anglesola\/general\/concurs-el-gust-per-la-lectura-5e\/\" title=\"Read CONCURS &#8220;EL GUST PER LA LECTURA&#8221; 5\u00c8\">Llegeix m\u00e9s\u00bb<\/a><\/p>\n","protected":false},"author":1,"featured_media":6817,"comment_status":"closed","ping_status":"closed","sticky":false,"template":"","format":"standard","meta":{"_bbp_topic_count":0,"_bbp_reply_count":0,"_bbp_total_topic_count":0,"_bbp_total_reply_count":0,"_bbp_voice_count":0,"_bbp_anonymous_reply_count":0,"_bbp_topic_count_hidden":0,"_bbp_reply_count_hidden":0,"_bbp_forum_subforum_count":0,"footnotes":""},"categories":[1,4],"tags":[],"class_list":["post-6815","post","type-post","status-publish","format-standard","has-post-thumbnail","hentry","category-general","category-portada"],"post_mailing_queue_ids":[],"_links":{"self":[{"href":"https:\/\/agora.xtec.cat\/ceip-santacreu-anglesola\/wp-json\/wp\/v2\/posts\/6815","targetHints":{"allow":["GET"]}}],"collection":[{"href":"https:\/\/agora.xtec.cat\/ceip-santacreu-anglesola\/wp-json\/wp\/v2\/posts"}],"about":[{"href":"https:\/\/agora.xtec.cat\/ceip-santacreu-anglesola\/wp-json\/wp\/v2\/types\/post"}],"author":[{"embeddable":true,"href":"https:\/\/agora.xtec.cat\/ceip-santacreu-anglesola\/wp-json\/wp\/v2\/users\/1"}],"replies":[{"embeddable":true,"href":"https:\/\/agora.xtec.cat\/ceip-santacreu-anglesola\/wp-json\/wp\/v2\/comments?post=6815"}],"version-history":[{"count":3,"href":"https:\/\/agora.xtec.cat\/ceip-santacreu-anglesola\/wp-json\/wp\/v2\/posts\/6815\/revisions"}],"predecessor-version":[{"id":6821,"href":"https:\/\/agora.xtec.cat\/ceip-santacreu-anglesola\/wp-json\/wp\/v2\/posts\/6815\/revisions\/6821"}],"wp:featuredmedia":[{"embeddable":true,"href":"https:\/\/agora.xtec.cat\/ceip-santacreu-anglesola\/wp-json\/wp\/v2\/media\/6817"}],"wp:attachment":[{"href":"https:\/\/agora.xtec.cat\/ceip-santacreu-anglesola\/wp-json\/wp\/v2\/media?parent=6815"}],"wp:term":[{"taxonomy":"category","embeddable":true,"href":"https:\/\/agora.xtec.cat\/ceip-santacreu-anglesola\/wp-json\/wp\/v2\/categories?post=6815"},{"taxonomy":"post_tag","embeddable":true,"href":"https:\/\/agora.xtec.cat\/ceip-santacreu-anglesola\/wp-json\/wp\/v2\/tags?post=6815"}],"curies":[{"name":"wp","href":"https:\/\/api.w.org\/{rel}","templated":true}]}}