{"id":6796,"date":"2024-04-12T17:03:43","date_gmt":"2024-04-12T15:03:43","guid":{"rendered":"https:\/\/agora.xtec.cat\/ceip-santacreu-anglesola\/?p=6796"},"modified":"2024-04-24T17:00:25","modified_gmt":"2024-04-24T15:00:25","slug":"recomanacions-sant-jordi","status":"publish","type":"post","link":"https:\/\/agora.xtec.cat\/ceip-santacreu-anglesola\/general\/recomanacions-sant-jordi\/","title":{"rendered":"RECOMANACIONS SANT JORDI"},"content":{"rendered":"<p>S&#8217;apropa St. Jordi i toca pensar quin llibre podem regalar. Des de l&#8217;escola, pensem que tot l&#8217;any \u00e9s un bon moment per regalar llibres, ja que s\u00f3n font de cultura i coneixement. Per aix\u00f2 us enviem uns enlla\u00e7os on trobareu recomanacions que us poden servir durant tot l&#8217;any.<\/p>\n<ul>\n<li style=\"list-style-type: none;\">\n<ul>\n<li><a href=\"https:\/\/www.rosasensat.org\/es\/biblioteca\/recursos\/el-garbell\/\" target=\"_blank\" rel=\"noopener\">Butllet\u00ed de la biblioteca Rosa Sensat<\/a><\/li>\n<li><a href=\"https:\/\/gretel.cat\/recomanacions-lij\/\" target=\"_blank\" rel=\"noopener\">Recomanacions Gretel <\/a>: Recomanacions del grup GRETEL (Grup de Recerca de literatura infantil i juvenil i educaci\u00f3 liter\u00e0ria de la Universitat Aut\u00f2noma de Barcelona). Podeu filtrar per edats.<\/li>\n<li><a href=\"https:\/\/jaumecentelles.cat\/recomanacions\/\" target=\"_blank\" rel=\"noopener\">Jaume Centelles:<\/a> P\u00e0gina personal de l&#8217;escriptor Jaume Centelles amb recomanacions de llibres.<\/li>\n<li><a href=\"https:\/\/www.criar.cat\/noticia\/2144\/recomanacions-lectura-segons-edat\" target=\"_blank\" rel=\"noopener\">Recomano<\/a>: p\u00e0gina que recomana llibres i activitats de per enganxar-los a la lectura<\/li>\n<\/ul>\n<\/li>\n<\/ul>\n<p><img loading=\"lazy\" decoding=\"async\" class=\"aligncenter size-large wp-image-6798\" src=\"https:\/\/agora.xtec.cat\/ceip-santacreu-anglesola\/wp-content\/uploads\/usu483\/2024\/04\/1-1024x502.jpg\" alt=\"\" width=\"1024\" height=\"502\" srcset=\"https:\/\/agora.xtec.cat\/ceip-santacreu-anglesola\/wp-content\/uploads\/usu483\/2024\/04\/1-1024x502.jpg 1024w, https:\/\/agora.xtec.cat\/ceip-santacreu-anglesola\/wp-content\/uploads\/usu483\/2024\/04\/1-300x147.jpg 300w, https:\/\/agora.xtec.cat\/ceip-santacreu-anglesola\/wp-content\/uploads\/usu483\/2024\/04\/1-768x376.jpg 768w, https:\/\/agora.xtec.cat\/ceip-santacreu-anglesola\/wp-content\/uploads\/usu483\/2024\/04\/1-1536x753.jpg 1536w, https:\/\/agora.xtec.cat\/ceip-santacreu-anglesola\/wp-content\/uploads\/usu483\/2024\/04\/1.jpg 1600w\" sizes=\"auto, (max-width: 1024px) 100vw, 1024px\" \/><\/p>\n<p>Esperem que us siguin d&#8217;utilitat \ud83d\ude09<\/p>\n","protected":false},"excerpt":{"rendered":"<p>S&#8217;apropa St. Jordi i toca pensar quin llibre podem regalar. Des de l&#8217;escola, pensem que tot l&#8217;any \u00e9s un bon moment per regalar llibres, ja que s\u00f3n font de cultura i coneixement. Per aix\u00f2 us enviem uns enlla\u00e7os on trobareu recomanacions que us poden servir&hellip;  <a href=\"https:\/\/agora.xtec.cat\/ceip-santacreu-anglesola\/general\/recomanacions-sant-jordi\/\" title=\"Read RECOMANACIONS SANT JORDI\">Llegeix m\u00e9s\u00bb<\/a><\/p>\n","protected":false},"author":11,"featured_media":0,"comment_status":"open","ping_status":"closed","sticky":false,"template":"","format":"standard","meta":{"_bbp_topic_count":0,"_bbp_reply_count":0,"_bbp_total_topic_count":0,"_bbp_total_reply_count":0,"_bbp_voice_count":0,"_bbp_anonymous_reply_count":0,"_bbp_topic_count_hidden":0,"_bbp_reply_count_hidden":0,"_bbp_forum_subforum_count":0,"footnotes":""},"categories":[54,1,4],"tags":[],"class_list":["post-6796","post","type-post","status-publish","format-standard","hentry","category-articles","category-general","category-portada"],"post_mailing_queue_ids":[],"_links":{"self":[{"href":"https:\/\/agora.xtec.cat\/ceip-santacreu-anglesola\/wp-json\/wp\/v2\/posts\/6796","targetHints":{"allow":["GET"]}}],"collection":[{"href":"https:\/\/agora.xtec.cat\/ceip-santacreu-anglesola\/wp-json\/wp\/v2\/posts"}],"about":[{"href":"https:\/\/agora.xtec.cat\/ceip-santacreu-anglesola\/wp-json\/wp\/v2\/types\/post"}],"author":[{"embeddable":true,"href":"https:\/\/agora.xtec.cat\/ceip-santacreu-anglesola\/wp-json\/wp\/v2\/users\/11"}],"replies":[{"embeddable":true,"href":"https:\/\/agora.xtec.cat\/ceip-santacreu-anglesola\/wp-json\/wp\/v2\/comments?post=6796"}],"version-history":[{"count":3,"href":"https:\/\/agora.xtec.cat\/ceip-santacreu-anglesola\/wp-json\/wp\/v2\/posts\/6796\/revisions"}],"predecessor-version":[{"id":6834,"href":"https:\/\/agora.xtec.cat\/ceip-santacreu-anglesola\/wp-json\/wp\/v2\/posts\/6796\/revisions\/6834"}],"wp:attachment":[{"href":"https:\/\/agora.xtec.cat\/ceip-santacreu-anglesola\/wp-json\/wp\/v2\/media?parent=6796"}],"wp:term":[{"taxonomy":"category","embeddable":true,"href":"https:\/\/agora.xtec.cat\/ceip-santacreu-anglesola\/wp-json\/wp\/v2\/categories?post=6796"},{"taxonomy":"post_tag","embeddable":true,"href":"https:\/\/agora.xtec.cat\/ceip-santacreu-anglesola\/wp-json\/wp\/v2\/tags?post=6796"}],"curies":[{"name":"wp","href":"https:\/\/api.w.org\/{rel}","templated":true}]}}