{"id":6781,"date":"2024-04-08T10:50:39","date_gmt":"2024-04-08T08:50:39","guid":{"rendered":"https:\/\/agora.xtec.cat\/ceip-santacreu-anglesola\/?p=6781"},"modified":"2024-04-08T11:11:13","modified_gmt":"2024-04-08T09:11:13","slug":"teatre-a-tarrega-i4-i-i5","status":"publish","type":"post","link":"https:\/\/agora.xtec.cat\/ceip-santacreu-anglesola\/general\/teatre-a-tarrega-i4-i-i5\/","title":{"rendered":"TEATRE A T\u00c0RREGA, I4 I I5"},"content":{"rendered":"<p>El dimecres passat, dia 3 d&#8217;abril, els nens i nenes d&#8217;I4 i d&#8217;I5 van anar al teatre Ateneu de T\u00e0rrega a veure l&#8217;obra &#8220;Supermercat de joglars&#8221; de RAH-MON\u00a0 ROMA.<\/p>\n<p>&#8220;Supermercat de joglars&#8221; \u00e9s un recorregut pels passadissos d&#8217;un imaginari supermercat joglaresc, on van poder escoltar contes i can\u00e7ons d&#8217;arreu del m\u00f3n o de casa nostra. Tamb\u00e9 van poder veure una col\u00b7lecci\u00f3 de baldufes que l&#8217;actor va fer ballar.<\/p>\n<p>Els nens i les nenes van estar molt atents i van participar de l&#8217;espectacle cantant, aplaudint i interactuant quan se&#8217;ls hi demanava.<\/p>\n<p>En arribar a l&#8217;escola vam confeccionar una baldufa que els nens i nenes es van endur cap a casa.<\/p>\n<p>Va ser un mat\u00ed molt entretingut i divertit, ja que les sortides ens agraden molt, i m\u00e9s si ens hi hem de despla\u00e7ar en autocar!!!!<\/p>\n<p>Cliqueu a la imatge per a veure les fotografies.<\/p>\n<p><a href=\"https:\/\/agora.xtec.cat\/ceip-santacreu-anglesola\/infantil\/p4\/teatre-a-tarrega-i4-i-i5-2\/\" target=\"_blank\" rel=\"noopener\"><img loading=\"lazy\" decoding=\"async\" class=\"alignnone wp-image-6782 size-medium\" src=\"https:\/\/agora.xtec.cat\/ceip-santacreu-anglesola\/wp-content\/uploads\/usu483\/2024\/04\/little-kids-boy-girl-ride-600nw-2281097343-300x193.webp\" alt=\"\" width=\"300\" height=\"193\" srcset=\"https:\/\/agora.xtec.cat\/ceip-santacreu-anglesola\/wp-content\/uploads\/usu483\/2024\/04\/little-kids-boy-girl-ride-600nw-2281097343-300x193.webp 300w, https:\/\/agora.xtec.cat\/ceip-santacreu-anglesola\/wp-content\/uploads\/usu483\/2024\/04\/little-kids-boy-girl-ride-600nw-2281097343.webp 600w\" sizes=\"auto, (max-width: 300px) 100vw, 300px\" \/><\/a><\/p>\n","protected":false},"excerpt":{"rendered":"<p>El dimecres passat, dia 3 d&#8217;abril, els nens i nenes d&#8217;I4 i d&#8217;I5 van anar al teatre Ateneu de T\u00e0rrega a veure l&#8217;obra &#8220;Supermercat de joglars&#8221; de RAH-MON\u00a0 ROMA.<br \/>\n&#8220;Supermercat de joglars&#8221; \u00e9s un recorregut pels passadissos d&#8217;un imaginari supermercat joglaresc, on van poder escoltar contes&hellip;  <a href=\"https:\/\/agora.xtec.cat\/ceip-santacreu-anglesola\/general\/teatre-a-tarrega-i4-i-i5\/\" title=\"Read TEATRE A T\u00c0RREGA, I4 I I5\">Llegeix m\u00e9s\u00bb<\/a><\/p>\n","protected":false},"author":1,"featured_media":6782,"comment_status":"closed","ping_status":"closed","sticky":false,"template":"","format":"standard","meta":{"_bbp_topic_count":0,"_bbp_reply_count":0,"_bbp_total_topic_count":0,"_bbp_total_reply_count":0,"_bbp_voice_count":0,"_bbp_anonymous_reply_count":0,"_bbp_topic_count_hidden":0,"_bbp_reply_count_hidden":0,"_bbp_forum_subforum_count":0,"footnotes":""},"categories":[1,4],"tags":[],"class_list":["post-6781","post","type-post","status-publish","format-standard","has-post-thumbnail","hentry","category-general","category-portada"],"post_mailing_queue_ids":[],"_links":{"self":[{"href":"https:\/\/agora.xtec.cat\/ceip-santacreu-anglesola\/wp-json\/wp\/v2\/posts\/6781","targetHints":{"allow":["GET"]}}],"collection":[{"href":"https:\/\/agora.xtec.cat\/ceip-santacreu-anglesola\/wp-json\/wp\/v2\/posts"}],"about":[{"href":"https:\/\/agora.xtec.cat\/ceip-santacreu-anglesola\/wp-json\/wp\/v2\/types\/post"}],"author":[{"embeddable":true,"href":"https:\/\/agora.xtec.cat\/ceip-santacreu-anglesola\/wp-json\/wp\/v2\/users\/1"}],"replies":[{"embeddable":true,"href":"https:\/\/agora.xtec.cat\/ceip-santacreu-anglesola\/wp-json\/wp\/v2\/comments?post=6781"}],"version-history":[{"count":3,"href":"https:\/\/agora.xtec.cat\/ceip-santacreu-anglesola\/wp-json\/wp\/v2\/posts\/6781\/revisions"}],"predecessor-version":[{"id":6788,"href":"https:\/\/agora.xtec.cat\/ceip-santacreu-anglesola\/wp-json\/wp\/v2\/posts\/6781\/revisions\/6788"}],"wp:featuredmedia":[{"embeddable":true,"href":"https:\/\/agora.xtec.cat\/ceip-santacreu-anglesola\/wp-json\/wp\/v2\/media\/6782"}],"wp:attachment":[{"href":"https:\/\/agora.xtec.cat\/ceip-santacreu-anglesola\/wp-json\/wp\/v2\/media?parent=6781"}],"wp:term":[{"taxonomy":"category","embeddable":true,"href":"https:\/\/agora.xtec.cat\/ceip-santacreu-anglesola\/wp-json\/wp\/v2\/categories?post=6781"},{"taxonomy":"post_tag","embeddable":true,"href":"https:\/\/agora.xtec.cat\/ceip-santacreu-anglesola\/wp-json\/wp\/v2\/tags?post=6781"}],"curies":[{"name":"wp","href":"https:\/\/api.w.org\/{rel}","templated":true}]}}