{"id":6777,"date":"2024-04-03T12:17:41","date_gmt":"2024-04-03T10:17:41","guid":{"rendered":"https:\/\/agora.xtec.cat\/ceip-santacreu-anglesola\/?p=6777"},"modified":"2024-04-03T12:17:41","modified_gmt":"2024-04-03T10:17:41","slug":"enquestes-dautoconeixement-per-a-families","status":"publish","type":"post","link":"https:\/\/agora.xtec.cat\/ceip-santacreu-anglesola\/general\/enquestes-dautoconeixement-per-a-families\/","title":{"rendered":"ENQUESTES D&#8217;AUTOCONEIXEMENT PER A FAM\u00cdLIES"},"content":{"rendered":"<p>Benvolgudes fam\u00edlies,<\/p>\n<p>en aquest article voldr\u00edem aportar-vos una s\u00e8ries d&#8217;enquestes elaborades pel Departament d&#8217;Educaci\u00f3 que pretenen ajudar-vos, com a pares i mares, a valorar el vostre nivell d&#8217;implicaci\u00f3 sobre diferents aspectes de l&#8217;educaci\u00f3 dels vostres fills. A partir de les respostes, podreu obtenir els punts forts de les vostres actuacions com a educadors i aquells altres aspectes que podr\u00edeu millorar.<\/p>\n<p>Esperem que us siguin d&#8217;utilitat.<\/p>\n<h2><strong><a href=\"https:\/\/educacio.gencat.cat\/ca\/arees-actuacio\/families\/recursos\/enquestes\/index.html\" target=\"_blank\" rel=\"noopener\">ENQUESTES<\/a><\/strong><\/h2>\n<p>&nbsp;<\/p>\n","protected":false},"excerpt":{"rendered":"<p>Benvolgudes fam\u00edlies,<br \/>\nen aquest article voldr\u00edem aportar-vos una s\u00e8ries d&#8217;enquestes elaborades pel Departament d&#8217;Educaci\u00f3 que pretenen ajudar-vos, com a pares i mares, a valorar el vostre nivell d&#8217;implicaci\u00f3 sobre diferents aspectes de l&#8217;educaci\u00f3 dels vostres fills. A partir de les respostes, podreu obtenir els punts forts&hellip;  <a href=\"https:\/\/agora.xtec.cat\/ceip-santacreu-anglesola\/general\/enquestes-dautoconeixement-per-a-families\/\" title=\"Read ENQUESTES D&#8217;AUTOCONEIXEMENT PER A FAM\u00cdLIES\">Llegeix m\u00e9s\u00bb<\/a><\/p>\n","protected":false},"author":11,"featured_media":0,"comment_status":"open","ping_status":"closed","sticky":false,"template":"","format":"standard","meta":{"_bbp_topic_count":0,"_bbp_reply_count":0,"_bbp_total_topic_count":0,"_bbp_total_reply_count":0,"_bbp_voice_count":0,"_bbp_anonymous_reply_count":0,"_bbp_topic_count_hidden":0,"_bbp_reply_count_hidden":0,"_bbp_forum_subforum_count":0,"footnotes":""},"categories":[54,1,4],"tags":[],"class_list":["post-6777","post","type-post","status-publish","format-standard","hentry","category-articles","category-general","category-portada"],"post_mailing_queue_ids":[],"_links":{"self":[{"href":"https:\/\/agora.xtec.cat\/ceip-santacreu-anglesola\/wp-json\/wp\/v2\/posts\/6777","targetHints":{"allow":["GET"]}}],"collection":[{"href":"https:\/\/agora.xtec.cat\/ceip-santacreu-anglesola\/wp-json\/wp\/v2\/posts"}],"about":[{"href":"https:\/\/agora.xtec.cat\/ceip-santacreu-anglesola\/wp-json\/wp\/v2\/types\/post"}],"author":[{"embeddable":true,"href":"https:\/\/agora.xtec.cat\/ceip-santacreu-anglesola\/wp-json\/wp\/v2\/users\/11"}],"replies":[{"embeddable":true,"href":"https:\/\/agora.xtec.cat\/ceip-santacreu-anglesola\/wp-json\/wp\/v2\/comments?post=6777"}],"version-history":[{"count":1,"href":"https:\/\/agora.xtec.cat\/ceip-santacreu-anglesola\/wp-json\/wp\/v2\/posts\/6777\/revisions"}],"predecessor-version":[{"id":6778,"href":"https:\/\/agora.xtec.cat\/ceip-santacreu-anglesola\/wp-json\/wp\/v2\/posts\/6777\/revisions\/6778"}],"wp:attachment":[{"href":"https:\/\/agora.xtec.cat\/ceip-santacreu-anglesola\/wp-json\/wp\/v2\/media?parent=6777"}],"wp:term":[{"taxonomy":"category","embeddable":true,"href":"https:\/\/agora.xtec.cat\/ceip-santacreu-anglesola\/wp-json\/wp\/v2\/categories?post=6777"},{"taxonomy":"post_tag","embeddable":true,"href":"https:\/\/agora.xtec.cat\/ceip-santacreu-anglesola\/wp-json\/wp\/v2\/tags?post=6777"}],"curies":[{"name":"wp","href":"https:\/\/api.w.org\/{rel}","templated":true}]}}