{"id":6752,"date":"2024-03-22T15:39:37","date_gmt":"2024-03-22T14:39:37","guid":{"rendered":"https:\/\/agora.xtec.cat\/ceip-santacreu-anglesola\/?p=6752"},"modified":"2024-03-22T15:41:23","modified_gmt":"2024-03-22T14:41:23","slug":"conte-de-la-llebreta-anem-a-buscar-els-ous-al-pati","status":"publish","type":"post","link":"https:\/\/agora.xtec.cat\/ceip-santacreu-anglesola\/general\/conte-de-la-llebreta-anem-a-buscar-els-ous-al-pati\/","title":{"rendered":"Ed. Infantil.Conte de la Llebreta. Anem a buscar els Ous al pati."},"content":{"rendered":"<p>Aquest divendres, darrer dia de trimestre, l&#8217;alumnat d&#8217;educaci\u00f3 infantil ha gaudit escoltant el conte de LA LLEBRETA.<\/p>\n<p>El conte explica la hist\u00f2ria d&#8217;una fam\u00edlia de llebres amb set fills que busca quina \u00e9s la llebreta de pasqua d&#8217;aquest any.<br \/>\nLa llebreta que ha aconseguit portar l&#8217;OU sense que es trenqui ha estat la m\u00e9s petita de la fam\u00edlia.<\/p>\n<p>Despr\u00e9s d&#8217;escoltar el conte hem anat al pati a buscar els ous amagats que ens havia deixat la llebreta.<\/p>\n<p>Ha estat mot divertit!<\/p>\n<p><a href=\"https:\/\/agora.xtec.cat\/ceip-santacreu-anglesola\/general\/ed-infantil-conte-de-la-llebreta\/\"><img loading=\"lazy\" decoding=\"async\" class=\"alignnone wp-image-6753 size-medium\" src=\"https:\/\/agora.xtec.cat\/ceip-santacreu-anglesola\/wp-content\/uploads\/usu483\/2024\/03\/llebreta-300x254.jpg\" alt=\"\" width=\"300\" height=\"254\" srcset=\"https:\/\/agora.xtec.cat\/ceip-santacreu-anglesola\/wp-content\/uploads\/usu483\/2024\/03\/llebreta-300x254.jpg 300w, https:\/\/agora.xtec.cat\/ceip-santacreu-anglesola\/wp-content\/uploads\/usu483\/2024\/03\/llebreta-1024x868.jpg 1024w, https:\/\/agora.xtec.cat\/ceip-santacreu-anglesola\/wp-content\/uploads\/usu483\/2024\/03\/llebreta-768x651.jpg 768w, https:\/\/agora.xtec.cat\/ceip-santacreu-anglesola\/wp-content\/uploads\/usu483\/2024\/03\/llebreta.jpg 1104w\" sizes=\"auto, (max-width: 300px) 100vw, 300px\" \/><\/a><\/p>\n","protected":false},"excerpt":{"rendered":"<p>Aquest divendres, darrer dia de trimestre, l&#8217;alumnat d&#8217;educaci\u00f3 infantil ha gaudit escoltant el conte de LA LLEBRETA.<br \/>\nEl conte explica la hist\u00f2ria d&#8217;una fam\u00edlia de llebres amb set fills que busca quina \u00e9s la llebreta de pasqua d&#8217;aquest any.<br \/>\nLa llebreta que ha aconseguit portar l&#8217;OU sense&hellip;  <a href=\"https:\/\/agora.xtec.cat\/ceip-santacreu-anglesola\/general\/conte-de-la-llebreta-anem-a-buscar-els-ous-al-pati\/\" title=\"Read Ed. Infantil.Conte de la Llebreta. Anem a buscar els Ous al pati.\">Llegeix m\u00e9s\u00bb<\/a><\/p>\n","protected":false},"author":4,"featured_media":0,"comment_status":"open","ping_status":"closed","sticky":false,"template":"","format":"standard","meta":{"_bbp_topic_count":0,"_bbp_reply_count":0,"_bbp_total_topic_count":0,"_bbp_total_reply_count":0,"_bbp_voice_count":0,"_bbp_anonymous_reply_count":0,"_bbp_topic_count_hidden":0,"_bbp_reply_count_hidden":0,"_bbp_forum_subforum_count":0,"footnotes":""},"categories":[1,2,4],"tags":[],"class_list":["post-6752","post","type-post","status-publish","format-standard","hentry","category-general","category-infantil","category-portada"],"post_mailing_queue_ids":[],"_links":{"self":[{"href":"https:\/\/agora.xtec.cat\/ceip-santacreu-anglesola\/wp-json\/wp\/v2\/posts\/6752","targetHints":{"allow":["GET"]}}],"collection":[{"href":"https:\/\/agora.xtec.cat\/ceip-santacreu-anglesola\/wp-json\/wp\/v2\/posts"}],"about":[{"href":"https:\/\/agora.xtec.cat\/ceip-santacreu-anglesola\/wp-json\/wp\/v2\/types\/post"}],"author":[{"embeddable":true,"href":"https:\/\/agora.xtec.cat\/ceip-santacreu-anglesola\/wp-json\/wp\/v2\/users\/4"}],"replies":[{"embeddable":true,"href":"https:\/\/agora.xtec.cat\/ceip-santacreu-anglesola\/wp-json\/wp\/v2\/comments?post=6752"}],"version-history":[{"count":5,"href":"https:\/\/agora.xtec.cat\/ceip-santacreu-anglesola\/wp-json\/wp\/v2\/posts\/6752\/revisions"}],"predecessor-version":[{"id":6761,"href":"https:\/\/agora.xtec.cat\/ceip-santacreu-anglesola\/wp-json\/wp\/v2\/posts\/6752\/revisions\/6761"}],"wp:attachment":[{"href":"https:\/\/agora.xtec.cat\/ceip-santacreu-anglesola\/wp-json\/wp\/v2\/media?parent=6752"}],"wp:term":[{"taxonomy":"category","embeddable":true,"href":"https:\/\/agora.xtec.cat\/ceip-santacreu-anglesola\/wp-json\/wp\/v2\/categories?post=6752"},{"taxonomy":"post_tag","embeddable":true,"href":"https:\/\/agora.xtec.cat\/ceip-santacreu-anglesola\/wp-json\/wp\/v2\/tags?post=6752"}],"curies":[{"name":"wp","href":"https:\/\/api.w.org\/{rel}","templated":true}]}}