{"id":6746,"date":"2024-03-20T16:05:13","date_gmt":"2024-03-20T15:05:13","guid":{"rendered":"https:\/\/agora.xtec.cat\/ceip-santacreu-anglesola\/?p=6746"},"modified":"2024-03-21T15:14:07","modified_gmt":"2024-03-21T14:14:07","slug":"8m-dia-internacional-de-la-dona","status":"publish","type":"post","link":"https:\/\/agora.xtec.cat\/ceip-santacreu-anglesola\/general\/8m-dia-internacional-de-la-dona\/","title":{"rendered":"8M DIA INTERNACIONAL DE LA DONA"},"content":{"rendered":"<p>El dia 8 de Mar\u00e7 vam celebrar el dia de la dona a l&#8217;escola. Aquest any hem volgut remarcar la figura de les dones properes, les del nostre entorn, dones que no s\u00f3n conegudes o famoses, per\u00f2 no per aix\u00f2 menys reconegudes o importants per nosaltres.<\/p>\n<p>A l&#8217;Educaci\u00f3 Infantil, despr\u00e9s del pati, vam explicar el conte &#8220;Boniques&#8221;, que parlava del que fan les nenes boniques; les nenes boniques ho s\u00f3n totes, les que fan les coses que els hi agraden, les que s\u00f3n valentes, les que lluiten per fer els seus somnis realitat.<\/p>\n<p>A continuaci\u00f3, l&#8217;alumnat va dibuixar la dona que per ells \u00e9s la m\u00e9s important o rellevant. Els resultats van ser molt variats: la mare, l&#8217;\u00e0via, la senyoreta, una cosina, una companya de classe&#8230;<\/p>\n<p>A l&#8217;Educaci\u00f3 Prim\u00e0ria tamb\u00e9 ho vam treballar i cada infant va portar un fullet\u00f3 amb el dibuix o foto de la dona m\u00e9s important i, a sota, van explicar el perqu\u00e8. El resultat ha estat un mural confegit amb totes les dones que s\u00f3n importants per l&#8217;alumnat de la nostra escola, un mural fet des de l&#8217;estima per totes aquestes dones que porten al cor i que els omplen de felicitat.<\/p>\n<p>Esperem que us agradi!<\/p>\n<p>Feu clic a les imatges per veure-les m\u00e9s grans.<\/p>\n<p style=\"text-align: center;\"><a href=\"https:\/\/agora.xtec.cat\/ceip-santacreu-anglesola\/wp-content\/uploads\/usu483\/2024\/03\/1-1.png\"><img loading=\"lazy\" decoding=\"async\" class=\"wp-image-6747 alignnone\" src=\"https:\/\/agora.xtec.cat\/ceip-santacreu-anglesola\/wp-content\/uploads\/usu483\/2024\/03\/1-1-300x175.png\" alt=\"\" width=\"377\" height=\"220\" srcset=\"https:\/\/agora.xtec.cat\/ceip-santacreu-anglesola\/wp-content\/uploads\/usu483\/2024\/03\/1-1-300x175.png 300w, https:\/\/agora.xtec.cat\/ceip-santacreu-anglesola\/wp-content\/uploads\/usu483\/2024\/03\/1-1-1024x596.png 1024w, https:\/\/agora.xtec.cat\/ceip-santacreu-anglesola\/wp-content\/uploads\/usu483\/2024\/03\/1-1-768x447.png 768w, https:\/\/agora.xtec.cat\/ceip-santacreu-anglesola\/wp-content\/uploads\/usu483\/2024\/03\/1-1.png 1234w\" sizes=\"auto, (max-width: 377px) 100vw, 377px\" \/><\/a><a href=\"https:\/\/agora.xtec.cat\/ceip-santacreu-anglesola\/wp-content\/uploads\/usu483\/2024\/03\/2.png\"><img loading=\"lazy\" decoding=\"async\" class=\"alignnone wp-image-6748\" src=\"https:\/\/agora.xtec.cat\/ceip-santacreu-anglesola\/wp-content\/uploads\/usu483\/2024\/03\/2-300x219.png\" alt=\"\" width=\"299\" height=\"218\" srcset=\"https:\/\/agora.xtec.cat\/ceip-santacreu-anglesola\/wp-content\/uploads\/usu483\/2024\/03\/2-300x219.png 300w, https:\/\/agora.xtec.cat\/ceip-santacreu-anglesola\/wp-content\/uploads\/usu483\/2024\/03\/2-768x560.png 768w, https:\/\/agora.xtec.cat\/ceip-santacreu-anglesola\/wp-content\/uploads\/usu483\/2024\/03\/2.png 903w\" sizes=\"auto, (max-width: 299px) 100vw, 299px\" \/><\/a><\/p>\n","protected":false},"excerpt":{"rendered":"<p>El dia 8 de Mar\u00e7 vam celebrar el dia de la dona a l&#8217;escola. Aquest any hem volgut remarcar la figura de les dones properes, les del nostre entorn, dones que no s\u00f3n conegudes o famoses, per\u00f2 no per aix\u00f2 menys reconegudes o importants per&hellip;  <a href=\"https:\/\/agora.xtec.cat\/ceip-santacreu-anglesola\/general\/8m-dia-internacional-de-la-dona\/\" title=\"Read 8M DIA INTERNACIONAL DE LA DONA\">Llegeix m\u00e9s\u00bb<\/a><\/p>\n","protected":false},"author":1,"featured_media":0,"comment_status":"open","ping_status":"closed","sticky":false,"template":"","format":"standard","meta":{"_bbp_topic_count":0,"_bbp_reply_count":0,"_bbp_total_topic_count":0,"_bbp_total_reply_count":0,"_bbp_voice_count":0,"_bbp_anonymous_reply_count":0,"_bbp_topic_count_hidden":0,"_bbp_reply_count_hidden":0,"_bbp_forum_subforum_count":0,"footnotes":""},"categories":[1,2,4,5],"tags":[],"class_list":["post-6746","post","type-post","status-publish","format-standard","hentry","category-general","category-infantil","category-portada","category-primaria"],"post_mailing_queue_ids":[],"_links":{"self":[{"href":"https:\/\/agora.xtec.cat\/ceip-santacreu-anglesola\/wp-json\/wp\/v2\/posts\/6746","targetHints":{"allow":["GET"]}}],"collection":[{"href":"https:\/\/agora.xtec.cat\/ceip-santacreu-anglesola\/wp-json\/wp\/v2\/posts"}],"about":[{"href":"https:\/\/agora.xtec.cat\/ceip-santacreu-anglesola\/wp-json\/wp\/v2\/types\/post"}],"author":[{"embeddable":true,"href":"https:\/\/agora.xtec.cat\/ceip-santacreu-anglesola\/wp-json\/wp\/v2\/users\/1"}],"replies":[{"embeddable":true,"href":"https:\/\/agora.xtec.cat\/ceip-santacreu-anglesola\/wp-json\/wp\/v2\/comments?post=6746"}],"version-history":[{"count":2,"href":"https:\/\/agora.xtec.cat\/ceip-santacreu-anglesola\/wp-json\/wp\/v2\/posts\/6746\/revisions"}],"predecessor-version":[{"id":6751,"href":"https:\/\/agora.xtec.cat\/ceip-santacreu-anglesola\/wp-json\/wp\/v2\/posts\/6746\/revisions\/6751"}],"wp:attachment":[{"href":"https:\/\/agora.xtec.cat\/ceip-santacreu-anglesola\/wp-json\/wp\/v2\/media?parent=6746"}],"wp:term":[{"taxonomy":"category","embeddable":true,"href":"https:\/\/agora.xtec.cat\/ceip-santacreu-anglesola\/wp-json\/wp\/v2\/categories?post=6746"},{"taxonomy":"post_tag","embeddable":true,"href":"https:\/\/agora.xtec.cat\/ceip-santacreu-anglesola\/wp-json\/wp\/v2\/tags?post=6746"}],"curies":[{"name":"wp","href":"https:\/\/api.w.org\/{rel}","templated":true}]}}