{"id":6737,"date":"2024-03-16T18:26:15","date_gmt":"2024-03-16T17:26:15","guid":{"rendered":"https:\/\/agora.xtec.cat\/ceip-santacreu-anglesola\/?p=6737"},"modified":"2024-03-16T18:38:23","modified_gmt":"2024-03-16T17:38:23","slug":"taller-aturar-la-miopia-cicle-superior","status":"publish","type":"post","link":"https:\/\/agora.xtec.cat\/ceip-santacreu-anglesola\/general\/taller-aturar-la-miopia-cicle-superior\/","title":{"rendered":"TALLER &#8220;FRENAR LA MIOPIA&#8221;, CICLE SUPERIOR"},"content":{"rendered":"<p>El divendres, 8 de mar\u00e7, l&#8217;alumnat de cicle superior vam participar en el programa<span style=\"color: #339966;\"> <strong>&#8220;Voluntaris per frenar la miopia&#8221;<\/strong><\/span>. Ens van venir a visitar a l&#8217;escola dues optometristes que ens van explicar qu\u00e8 \u00e9s la miopia i alguns s\u00edmptomes que ens poden ajudar a detectar-la. Tamb\u00e9 ens van donar uns consells sobre com podem cuidar la nostra salut visual. I per acabar,\u00a0 vam fer un joc de preguntes que va ser molt divertit.<\/p>\n<p>Clica a la imatge per a veure les fotografies.<\/p>\n<p><a href=\"https:\/\/agora.xtec.cat\/ceip-santacreu-anglesola\/?p=6741&amp;preview=true\" target=\"_blank\" rel=\"noopener\"><img loading=\"lazy\" decoding=\"async\" class=\"alignnone wp-image-6738 size-medium\" src=\"https:\/\/agora.xtec.cat\/ceip-santacreu-anglesola\/wp-content\/uploads\/usu483\/2024\/03\/0b145d3a-a72e-432a-b29b-f55c3c76d0dc-300x72.png\" alt=\"\" width=\"300\" height=\"72\" \/><\/a><\/p>\n<p>&nbsp;<\/p>\n","protected":false},"excerpt":{"rendered":"<p>El divendres, 8 de mar\u00e7, l&#8217;alumnat de cicle superior vam participar en el programa &#8220;Voluntaris per frenar la miopia&#8221;. Ens van venir a visitar a l&#8217;escola dues optometristes que ens van explicar qu\u00e8 \u00e9s la miopia i alguns s\u00edmptomes que ens poden ajudar a detectar-la.&hellip;  <a href=\"https:\/\/agora.xtec.cat\/ceip-santacreu-anglesola\/general\/taller-aturar-la-miopia-cicle-superior\/\" title=\"Read TALLER &#8220;FRENAR LA MIOPIA&#8221;, CICLE SUPERIOR\">Llegeix m\u00e9s\u00bb<\/a><\/p>\n","protected":false},"author":1,"featured_media":6738,"comment_status":"closed","ping_status":"closed","sticky":false,"template":"","format":"standard","meta":{"_bbp_topic_count":0,"_bbp_reply_count":0,"_bbp_total_topic_count":0,"_bbp_total_reply_count":0,"_bbp_voice_count":0,"_bbp_anonymous_reply_count":0,"_bbp_topic_count_hidden":0,"_bbp_reply_count_hidden":0,"_bbp_forum_subforum_count":0,"footnotes":""},"categories":[1,4],"tags":[],"class_list":["post-6737","post","type-post","status-publish","format-standard","has-post-thumbnail","hentry","category-general","category-portada"],"post_mailing_queue_ids":[],"_links":{"self":[{"href":"https:\/\/agora.xtec.cat\/ceip-santacreu-anglesola\/wp-json\/wp\/v2\/posts\/6737","targetHints":{"allow":["GET"]}}],"collection":[{"href":"https:\/\/agora.xtec.cat\/ceip-santacreu-anglesola\/wp-json\/wp\/v2\/posts"}],"about":[{"href":"https:\/\/agora.xtec.cat\/ceip-santacreu-anglesola\/wp-json\/wp\/v2\/types\/post"}],"author":[{"embeddable":true,"href":"https:\/\/agora.xtec.cat\/ceip-santacreu-anglesola\/wp-json\/wp\/v2\/users\/1"}],"replies":[{"embeddable":true,"href":"https:\/\/agora.xtec.cat\/ceip-santacreu-anglesola\/wp-json\/wp\/v2\/comments?post=6737"}],"version-history":[{"count":4,"href":"https:\/\/agora.xtec.cat\/ceip-santacreu-anglesola\/wp-json\/wp\/v2\/posts\/6737\/revisions"}],"predecessor-version":[{"id":6745,"href":"https:\/\/agora.xtec.cat\/ceip-santacreu-anglesola\/wp-json\/wp\/v2\/posts\/6737\/revisions\/6745"}],"wp:featuredmedia":[{"embeddable":true,"href":"https:\/\/agora.xtec.cat\/ceip-santacreu-anglesola\/wp-json\/wp\/v2\/media\/6738"}],"wp:attachment":[{"href":"https:\/\/agora.xtec.cat\/ceip-santacreu-anglesola\/wp-json\/wp\/v2\/media?parent=6737"}],"wp:term":[{"taxonomy":"category","embeddable":true,"href":"https:\/\/agora.xtec.cat\/ceip-santacreu-anglesola\/wp-json\/wp\/v2\/categories?post=6737"},{"taxonomy":"post_tag","embeddable":true,"href":"https:\/\/agora.xtec.cat\/ceip-santacreu-anglesola\/wp-json\/wp\/v2\/tags?post=6737"}],"curies":[{"name":"wp","href":"https:\/\/api.w.org\/{rel}","templated":true}]}}