{"id":6728,"date":"2024-03-15T09:46:00","date_gmt":"2024-03-15T08:46:00","guid":{"rendered":"https:\/\/agora.xtec.cat\/ceip-santacreu-anglesola\/?p=6728"},"modified":"2024-03-15T09:59:25","modified_gmt":"2024-03-15T08:59:25","slug":"visita-a-mas-de-colom-educacio-infantil-2","status":"publish","type":"post","link":"https:\/\/agora.xtec.cat\/ceip-santacreu-anglesola\/general\/visita-a-mas-de-colom-educacio-infantil-2\/","title":{"rendered":"Visita a Mas de Colom. Educaci\u00f3 Infantil."},"content":{"rendered":"<p>L&#8217;alumnat d&#8217;I3, I4 i I5 va fer una sortida dins la comarca de l&#8217;Urgell.<br \/>\nVa fer la visita a Mas de Colom on va realitzar <span style=\"color: #ff00ff;\">l&#8217;activitat dels cinc sentits<\/span>.<br \/>\nPrimer van anar a l&#8217;hort i van posar atenci\u00f3 en el sentit de <span style=\"color: #339966;\">l&#8217;OLFACTE<\/span>.\u00a0 Van poder tocar amb suavitat plantes arom\u00e0tiques i captar la seva olor. Hi havia roman\u00ed, esp\u00edgol, menta, farigola&#8230;<br \/>\nDespr\u00e9s van anar a la plantaci\u00f3 de pistatxos per captar el <span style=\"color: #ff6600;\">TACTE<\/span>. En unes caixes hi havia diferents materials i per mitj\u00e0 del tacte havien d&#8217;endevinar quins eren (pedres, ametlles, escor\u00e7a, nous&#8230;), tamb\u00e9 tocant la rugositat de diferents elements de l&#8217;entorn. (terra, troncs dels arbres&#8230;)<br \/>\nL&#8217;<span style=\"color: #800080;\">O\u00cfDA<\/span> la van treballar escoltant els sorolls que hi ha a la finca i escoltant les caixetes del cant de diferents ocells: el pit roig, merla, pardal com\u00fa, el picot&#8230;<br \/>\nLa <span style=\"color: #3366ff;\">VISTA<\/span> la vam treballar en una sala immersiva on es va projectar un audiovisual amb imatges de la finca de Mas de Colom en les diferents estacions de l&#8217;any.<br \/>\nFinalment el <span style=\"color: #ff00ff;\">GUST<\/span> el van treballar fent un tastet de beguda a base d&#8217;arr\u00f2s i nous.<\/p>\n<p>A dinar i a la tarda van anar al Parc de Sant Eloi de T\u00e0rrega.<br \/>\nAll\u00ed van jugar, escoltar contes i gaudir d&#8217;una tarda de jocs\u00a0 a la zona de parc infantil.<\/p>\n<p><a href=\"https:\/\/agora.xtec.cat\/ceip-santacreu-anglesola\/general\/visita-a-mas-de-colom-educacio-infantil\/\"><img loading=\"lazy\" decoding=\"async\" class=\"alignnone wp-image-6730\" src=\"https:\/\/agora.xtec.cat\/ceip-santacreu-anglesola\/wp-content\/uploads\/usu483\/2024\/03\/Captura-mas-300x116.jpg\" alt=\"\" width=\"396\" height=\"153\" srcset=\"https:\/\/agora.xtec.cat\/ceip-santacreu-anglesola\/wp-content\/uploads\/usu483\/2024\/03\/Captura-mas-300x116.jpg 300w, https:\/\/agora.xtec.cat\/ceip-santacreu-anglesola\/wp-content\/uploads\/usu483\/2024\/03\/Captura-mas.jpg 657w\" sizes=\"auto, (max-width: 396px) 100vw, 396px\" \/><\/a><\/p>\n<p>&nbsp;<\/p>\n","protected":false},"excerpt":{"rendered":"<p>L&#8217;alumnat d&#8217;I3, I4 i I5 va fer una sortida dins la comarca de l&#8217;Urgell.<br \/>\nVa fer la visita a Mas de Colom on va realitzar l&#8217;activitat dels cinc sentits.<br \/>\nPrimer van anar a l&#8217;hort i van posar atenci\u00f3 en el sentit de l&#8217;OLFACTE.\u00a0 Van poder tocar amb&hellip;  <a href=\"https:\/\/agora.xtec.cat\/ceip-santacreu-anglesola\/general\/visita-a-mas-de-colom-educacio-infantil-2\/\" title=\"Read Visita a Mas de Colom. Educaci\u00f3 Infantil.\">Llegeix m\u00e9s\u00bb<\/a><\/p>\n","protected":false},"author":1,"featured_media":0,"comment_status":"open","ping_status":"closed","sticky":false,"template":"","format":"standard","meta":{"_bbp_topic_count":0,"_bbp_reply_count":0,"_bbp_total_topic_count":0,"_bbp_total_reply_count":0,"_bbp_voice_count":0,"_bbp_anonymous_reply_count":0,"_bbp_topic_count_hidden":0,"_bbp_reply_count_hidden":0,"_bbp_forum_subforum_count":0,"footnotes":""},"categories":[1,2,4],"tags":[],"class_list":["post-6728","post","type-post","status-publish","format-standard","hentry","category-general","category-infantil","category-portada"],"post_mailing_queue_ids":[],"_links":{"self":[{"href":"https:\/\/agora.xtec.cat\/ceip-santacreu-anglesola\/wp-json\/wp\/v2\/posts\/6728","targetHints":{"allow":["GET"]}}],"collection":[{"href":"https:\/\/agora.xtec.cat\/ceip-santacreu-anglesola\/wp-json\/wp\/v2\/posts"}],"about":[{"href":"https:\/\/agora.xtec.cat\/ceip-santacreu-anglesola\/wp-json\/wp\/v2\/types\/post"}],"author":[{"embeddable":true,"href":"https:\/\/agora.xtec.cat\/ceip-santacreu-anglesola\/wp-json\/wp\/v2\/users\/1"}],"replies":[{"embeddable":true,"href":"https:\/\/agora.xtec.cat\/ceip-santacreu-anglesola\/wp-json\/wp\/v2\/comments?post=6728"}],"version-history":[{"count":4,"href":"https:\/\/agora.xtec.cat\/ceip-santacreu-anglesola\/wp-json\/wp\/v2\/posts\/6728\/revisions"}],"predecessor-version":[{"id":6735,"href":"https:\/\/agora.xtec.cat\/ceip-santacreu-anglesola\/wp-json\/wp\/v2\/posts\/6728\/revisions\/6735"}],"wp:attachment":[{"href":"https:\/\/agora.xtec.cat\/ceip-santacreu-anglesola\/wp-json\/wp\/v2\/media?parent=6728"}],"wp:term":[{"taxonomy":"category","embeddable":true,"href":"https:\/\/agora.xtec.cat\/ceip-santacreu-anglesola\/wp-json\/wp\/v2\/categories?post=6728"},{"taxonomy":"post_tag","embeddable":true,"href":"https:\/\/agora.xtec.cat\/ceip-santacreu-anglesola\/wp-json\/wp\/v2\/tags?post=6728"}],"curies":[{"name":"wp","href":"https:\/\/api.w.org\/{rel}","templated":true}]}}