{"id":6722,"date":"2024-03-14T16:07:05","date_gmt":"2024-03-14T15:07:05","guid":{"rendered":"https:\/\/agora.xtec.cat\/ceip-santacreu-anglesola\/?p=6722"},"modified":"2024-03-14T16:40:42","modified_gmt":"2024-03-14T15:40:42","slug":"certamen-de-lectura-en-veu-alta","status":"publish","type":"post","link":"https:\/\/agora.xtec.cat\/ceip-santacreu-anglesola\/portada\/certamen-de-lectura-en-veu-alta\/","title":{"rendered":"CERTAMEN DE LECTURA EN VEU ALTA"},"content":{"rendered":"<p>L&#8217;escola Santa Creu t\u00e9 una l\u00ednia pedag\u00f2gica on busca l&#8217;excel\u00b7l\u00e8ncia acad\u00e8mica i personal del seu alumnat fomentant, entre d&#8217;altres, la lectura com un dels eixos b\u00e0sics per a uns bons aprenentatges. \u00c9s per aquest motiu que prioritzem l&#8217;\u00fas d&#8217;una biblioteca pr\u00f2pia, el treball espec\u00edfic de la comprensi\u00f3 lectora, les tert\u00falies liter\u00e0ries, la participaci\u00f3 en concursos literaris i cert\u00e0mens de lectura&#8230;<\/p>\n<p>Aquest any estem especialment contents i orgullosos ja que la <strong>CS<\/strong>, alumna de la nostra escola, s&#8217;ha classificat com a representant de la comarca de l&#8217;Urgell per a la Final Territorial del <a href=\"https:\/\/www.lecturaenveualta.cat\/certamen-de-lectura-en-veu-alta-escolar\/el-certamen-escolar\/\" target=\"_blank\" rel=\"noopener\"><strong>Certamen Nacional Infantil i Juvenil de Lectura en Veu Alta<\/strong><\/a>. Moltes felicitats, t&#8217;ho mereixes pel teu gran treball \ud83d\ude09<\/p>\n<p><a href=\"https:\/\/agora.xtec.cat\/ceip-santacreu-anglesola\/wp-content\/uploads\/usu483\/2024\/03\/Veu-alta-rotated.jpeg\"><img loading=\"lazy\" decoding=\"async\" class=\"size-medium wp-image-6723 aligncenter\" src=\"https:\/\/agora.xtec.cat\/ceip-santacreu-anglesola\/wp-content\/uploads\/usu483\/2024\/03\/Veu-alta-300x225.jpeg\" alt=\"\" width=\"300\" height=\"225\" srcset=\"https:\/\/agora.xtec.cat\/ceip-santacreu-anglesola\/wp-content\/uploads\/usu483\/2024\/03\/Veu-alta-300x225.jpeg 300w, https:\/\/agora.xtec.cat\/ceip-santacreu-anglesola\/wp-content\/uploads\/usu483\/2024\/03\/Veu-alta-1024x768.jpeg 1024w, https:\/\/agora.xtec.cat\/ceip-santacreu-anglesola\/wp-content\/uploads\/usu483\/2024\/03\/Veu-alta-768x576.jpeg 768w, https:\/\/agora.xtec.cat\/ceip-santacreu-anglesola\/wp-content\/uploads\/usu483\/2024\/03\/Veu-alta-1536x1152.jpeg 1536w, https:\/\/agora.xtec.cat\/ceip-santacreu-anglesola\/wp-content\/uploads\/usu483\/2024\/03\/Veu-alta-200x150.jpeg 200w, https:\/\/agora.xtec.cat\/ceip-santacreu-anglesola\/wp-content\/uploads\/usu483\/2024\/03\/Veu-alta-rotated.jpeg 2048w\" sizes=\"auto, (max-width: 300px) 100vw, 300px\" \/><\/a><\/p>\n","protected":false},"excerpt":{"rendered":"<p>L&#8217;escola Santa Creu t\u00e9 una l\u00ednia pedag\u00f2gica on busca l&#8217;excel\u00b7l\u00e8ncia acad\u00e8mica i personal del seu alumnat fomentant, entre d&#8217;altres, la lectura com un dels eixos b\u00e0sics per a uns bons aprenentatges. \u00c9s per aquest motiu que prioritzem l&#8217;\u00fas d&#8217;una biblioteca pr\u00f2pia, el treball espec\u00edfic de&hellip;  <a href=\"https:\/\/agora.xtec.cat\/ceip-santacreu-anglesola\/portada\/certamen-de-lectura-en-veu-alta\/\" title=\"Read CERTAMEN DE LECTURA EN VEU ALTA\">Llegeix m\u00e9s\u00bb<\/a><\/p>\n","protected":false},"author":1,"featured_media":6723,"comment_status":"closed","ping_status":"closed","sticky":false,"template":"","format":"standard","meta":{"_bbp_topic_count":0,"_bbp_reply_count":0,"_bbp_total_topic_count":0,"_bbp_total_reply_count":0,"_bbp_voice_count":0,"_bbp_anonymous_reply_count":0,"_bbp_topic_count_hidden":0,"_bbp_reply_count_hidden":0,"_bbp_forum_subforum_count":0,"footnotes":""},"categories":[4],"tags":[],"class_list":["post-6722","post","type-post","status-publish","format-standard","has-post-thumbnail","hentry","category-portada"],"post_mailing_queue_ids":[],"_links":{"self":[{"href":"https:\/\/agora.xtec.cat\/ceip-santacreu-anglesola\/wp-json\/wp\/v2\/posts\/6722","targetHints":{"allow":["GET"]}}],"collection":[{"href":"https:\/\/agora.xtec.cat\/ceip-santacreu-anglesola\/wp-json\/wp\/v2\/posts"}],"about":[{"href":"https:\/\/agora.xtec.cat\/ceip-santacreu-anglesola\/wp-json\/wp\/v2\/types\/post"}],"author":[{"embeddable":true,"href":"https:\/\/agora.xtec.cat\/ceip-santacreu-anglesola\/wp-json\/wp\/v2\/users\/1"}],"replies":[{"embeddable":true,"href":"https:\/\/agora.xtec.cat\/ceip-santacreu-anglesola\/wp-json\/wp\/v2\/comments?post=6722"}],"version-history":[{"count":4,"href":"https:\/\/agora.xtec.cat\/ceip-santacreu-anglesola\/wp-json\/wp\/v2\/posts\/6722\/revisions"}],"predecessor-version":[{"id":6727,"href":"https:\/\/agora.xtec.cat\/ceip-santacreu-anglesola\/wp-json\/wp\/v2\/posts\/6722\/revisions\/6727"}],"wp:featuredmedia":[{"embeddable":true,"href":"https:\/\/agora.xtec.cat\/ceip-santacreu-anglesola\/wp-json\/wp\/v2\/media\/6723"}],"wp:attachment":[{"href":"https:\/\/agora.xtec.cat\/ceip-santacreu-anglesola\/wp-json\/wp\/v2\/media?parent=6722"}],"wp:term":[{"taxonomy":"category","embeddable":true,"href":"https:\/\/agora.xtec.cat\/ceip-santacreu-anglesola\/wp-json\/wp\/v2\/categories?post=6722"},{"taxonomy":"post_tag","embeddable":true,"href":"https:\/\/agora.xtec.cat\/ceip-santacreu-anglesola\/wp-json\/wp\/v2\/tags?post=6722"}],"curies":[{"name":"wp","href":"https:\/\/api.w.org\/{rel}","templated":true}]}}