{"id":6709,"date":"2024-03-12T16:50:04","date_gmt":"2024-03-12T15:50:04","guid":{"rendered":"https:\/\/agora.xtec.cat\/ceip-santacreu-anglesola\/?p=6709"},"modified":"2024-03-15T11:05:57","modified_gmt":"2024-03-15T10:05:57","slug":"quadern-de-bitacola-colonies-cicle-superior-3","status":"publish","type":"post","link":"https:\/\/agora.xtec.cat\/ceip-santacreu-anglesola\/portada\/quadern-de-bitacola-colonies-cicle-superior-3\/","title":{"rendered":"QUADERN DE BIT\u00c0COLA (COL\u00d2NIES CICLE SUPERIOR)"},"content":{"rendered":"<p><strong>DIMARTS 12 DE MAR\u00c7<\/strong><\/p>\n<p>Despr\u00e9s de matinar una mica, pugem a l&#8217;autob\u00fas que ens portar\u00e0 a <strong>LA GRANJA<\/strong>, la nostra casa de col\u00f2nies durant els propers 4 dies. El viatge \u00e9s tranquil i el dia sembla que acompanyar\u00e0, sol i bona temperatura.<\/p>\n<p>Just arribar ens esperen els nostres monitors, el Sa\u00fcl i l&#8217;Ana\u00efs. Ens ensenyen la casa on dormirem i ens repartim en tres habitacions. Despr\u00e9s ja comencem les activitats, on treballarem la confian\u00e7a i l&#8217;autoestima mentre practiquem l&#8217;angl\u00e8s.<\/p>\n<p>Per cert, el dinar molt nutritiu, amb una combinaci\u00f3 d\u2019hidrats de carboni i prote\u00efnes\u00a0 \ud83d\ude1b<\/p>\n<p>A la nit vam realitzar una sortida amb llanternes pel bosc.<\/p>\n<p><strong>DIMECRES 13 DE MAR\u00c7<\/strong><\/p>\n<p>Comencem el primer dia sencer a <strong>La Granja<\/strong> despr\u00e9s d&#8217;una nit tranquil\u00b7la on hem descansat for\u00e7a hores. Al mat\u00ed un bon esmorzar per comen\u00e7ar el dia i directes a l&#8217;acci\u00f3: <strong>el laberint<\/strong> i <strong>l&#8217;equitaci\u00f3<\/strong>.<\/p>\n<p>En aquestes activitats s&#8217;ha treballat l&#8217;angoixa i la cohesi\u00f3 de grup. Com podeu veure a les fotos, ens ho hem passat genial.<\/p>\n<p>A l&#8217;hora de dinar llenties, salsitxes i patates xips. De postres fruita (poma). Despr\u00e9s una mica de temps lliure per rentar-se les dents i recuperar forces.<\/p>\n<p>Les activitats de tarda han refor\u00e7at el treball en equip fent <strong>cabanes<\/strong> i la confian\u00e7a per superar obstacles mitjan\u00e7ant el <strong>roc\u00f2drom. <\/strong>Tot aix\u00f2, mentre practic\u00e0vem vocabulari i expressions en angl\u00e8s.<\/p>\n<p>A la nit, vam travessar un pont en plena nit i vam acabar el dia al cinema menjant crispetes.<\/p>\n<p><strong>DIJOUS 14 DE MAR\u00c7<\/strong><\/p>\n<p>Ens despertem amb les piles carregades despr\u00e9s d&#8217;una nit tranquil\u00b7la i reparadora. Esmorzem cereals amb llet i entrepans de pernil dol\u00e7 i formatge per comen\u00e7ar les activitats matinals plens d&#8217;energia i bon humor. Ens passa a buscar l&#8217;Agus, la monitora, per portar-nos a fer una observaci\u00f3 d&#8217;aus. Despr\u00e9s, per moure&#8217;ns i c\u00f3rrer, ens proposa una gimcana per la natura on competirem per grups i aprendrem a gestionar la competitivitat. Per acabar, anirem al tobogan per alliberar tensions i treballar la gesti\u00f3 de la ira.<\/p>\n<p>Dinem un bon plat de pasta i peix i comencem les activitats de tarda despr\u00e9s d&#8217;una estona lliure on gaudim de l&#8217;entorn i d&#8217;un dia primaveral. S&#8217;apropa la nit i una de les activitats preferides de totes les col\u00f2nies: la <strong>nit de la disco<\/strong>!!!<\/p>\n<p><strong>DIVENDRES 15 DE MAR\u00c7<\/strong><\/p>\n<p>Arribem a l&#8217;\u00faltim dia de les col\u00f2nies, estem cansats i amb les emocions a flor de pell ja que ens hem d&#8217;acomiadar dels monitors que ens han acompanyat aquests dies: Sa\u00fcl, Agus, Ivan i Xantal. Moltes gr\u00e0cies, heu estat fant\u00e0stics.<\/p>\n<p>Despr\u00e9s d&#8217;esmorzar hem marxat a fer les \u00faltimes activitats: el <strong>futbol\u00ed hum\u00e0<\/strong> i el <strong>camp de mines<\/strong>. Hem treballat la confian\u00e7a i la comunicaci\u00f3 en positiu.<\/p>\n<p>Ja nom\u00e9s ens queda acabar de gaudir i tornar cap a casa ben cansades, emocionades i millor cohesionades \ud83d\ude42<\/p>\n<p><strong>FOTOS (actualitzades 15-3-2024)<\/strong><\/p>\n<p><a href=\"https:\/\/agora.xtec.cat\/ceip-santacreu-anglesola\/general\/quadern-de-bitacola-colonies-cicle-superior-ocult-3\/\" target=\"_blank\" rel=\"noopener\"><img loading=\"lazy\" decoding=\"async\" class=\"size-full wp-image-6710 aligncenter\" src=\"https:\/\/agora.xtec.cat\/ceip-santacreu-anglesola\/wp-content\/uploads\/usu483\/2024\/03\/1.png\" alt=\"\" width=\"225\" height=\"225\" srcset=\"https:\/\/agora.xtec.cat\/ceip-santacreu-anglesola\/wp-content\/uploads\/usu483\/2024\/03\/1.png 225w, https:\/\/agora.xtec.cat\/ceip-santacreu-anglesola\/wp-content\/uploads\/usu483\/2024\/03\/1-150x150.png 150w\" sizes=\"auto, (max-width: 225px) 100vw, 225px\" \/><\/a><\/p>\n","protected":false},"excerpt":{"rendered":"<p>DIMARTS 12 DE MAR\u00c7<br \/>\nDespr\u00e9s de matinar una mica, pugem a l&#8217;autob\u00fas que ens portar\u00e0 a LA GRANJA, la nostra casa de col\u00f2nies durant els propers 4 dies. El viatge \u00e9s tranquil i el dia sembla que acompanyar\u00e0, sol i bona temperatura.<br \/>\nJust arribar ens esperen els&hellip;  <a href=\"https:\/\/agora.xtec.cat\/ceip-santacreu-anglesola\/portada\/quadern-de-bitacola-colonies-cicle-superior-3\/\" title=\"Read QUADERN DE BIT\u00c0COLA (COL\u00d2NIES CICLE SUPERIOR)\">Llegeix m\u00e9s\u00bb<\/a><\/p>\n","protected":false},"author":1,"featured_media":6710,"comment_status":"closed","ping_status":"closed","sticky":false,"template":"","format":"standard","meta":{"_bbp_topic_count":0,"_bbp_reply_count":0,"_bbp_total_topic_count":0,"_bbp_total_reply_count":0,"_bbp_voice_count":0,"_bbp_anonymous_reply_count":0,"_bbp_topic_count_hidden":0,"_bbp_reply_count_hidden":0,"_bbp_forum_subforum_count":0,"footnotes":""},"categories":[4],"tags":[],"class_list":["post-6709","post","type-post","status-publish","format-standard","has-post-thumbnail","hentry","category-portada"],"post_mailing_queue_ids":[],"_links":{"self":[{"href":"https:\/\/agora.xtec.cat\/ceip-santacreu-anglesola\/wp-json\/wp\/v2\/posts\/6709","targetHints":{"allow":["GET"]}}],"collection":[{"href":"https:\/\/agora.xtec.cat\/ceip-santacreu-anglesola\/wp-json\/wp\/v2\/posts"}],"about":[{"href":"https:\/\/agora.xtec.cat\/ceip-santacreu-anglesola\/wp-json\/wp\/v2\/types\/post"}],"author":[{"embeddable":true,"href":"https:\/\/agora.xtec.cat\/ceip-santacreu-anglesola\/wp-json\/wp\/v2\/users\/1"}],"replies":[{"embeddable":true,"href":"https:\/\/agora.xtec.cat\/ceip-santacreu-anglesola\/wp-json\/wp\/v2\/comments?post=6709"}],"version-history":[{"count":6,"href":"https:\/\/agora.xtec.cat\/ceip-santacreu-anglesola\/wp-json\/wp\/v2\/posts\/6709\/revisions"}],"predecessor-version":[{"id":6736,"href":"https:\/\/agora.xtec.cat\/ceip-santacreu-anglesola\/wp-json\/wp\/v2\/posts\/6709\/revisions\/6736"}],"wp:featuredmedia":[{"embeddable":true,"href":"https:\/\/agora.xtec.cat\/ceip-santacreu-anglesola\/wp-json\/wp\/v2\/media\/6710"}],"wp:attachment":[{"href":"https:\/\/agora.xtec.cat\/ceip-santacreu-anglesola\/wp-json\/wp\/v2\/media?parent=6709"}],"wp:term":[{"taxonomy":"category","embeddable":true,"href":"https:\/\/agora.xtec.cat\/ceip-santacreu-anglesola\/wp-json\/wp\/v2\/categories?post=6709"},{"taxonomy":"post_tag","embeddable":true,"href":"https:\/\/agora.xtec.cat\/ceip-santacreu-anglesola\/wp-json\/wp\/v2\/tags?post=6709"}],"curies":[{"name":"wp","href":"https:\/\/api.w.org\/{rel}","templated":true}]}}