{"id":6683,"date":"2024-03-12T10:22:32","date_gmt":"2024-03-12T09:22:32","guid":{"rendered":"https:\/\/agora.xtec.cat\/ceip-santacreu-anglesola\/?p=6683"},"modified":"2024-03-12T11:14:11","modified_gmt":"2024-03-12T10:14:11","slug":"sortida-a-lestany-divars-i-vila-sana","status":"publish","type":"post","link":"https:\/\/agora.xtec.cat\/ceip-santacreu-anglesola\/general\/sortida-a-lestany-divars-i-vila-sana\/","title":{"rendered":"Sortida a l&#8217;Estany d&#8217;Ivars i Vila-sana"},"content":{"rendered":"<p>El passat divendres 8 de mar\u00e7 l&#8217;alumnat de primer i segon cicle de prim\u00e0ria, vam anar d&#8217;excursi\u00f3 a visitar l&#8217;Estany d&#8217;Ivars i Vila-sana.<\/p>\n<p>All\u00ed ens vam dividir en dos grups (1r-2n; 3r-4t) i vam fer dos itineraris. Vam fer dues activitats diferents: l&#8217;anellament d&#8217;ocells; i l&#8217;observaci\u00f3, des dels diferents miradors, de la fauna i la flora de l&#8217;estany.<\/p>\n<p>Vam tenir un bon mat\u00ed de sol, per\u00f2 al migdia va ploure&#8230; Tot i la pluja, ens ho vam passar d&#8217;all\u00f2 m\u00e9s b\u00e9!!<\/p>\n<p>Si cliqueu damunt la imatge, podreu veure les fotografies:<\/p>\n<p><a href=\"https:\/\/agora.xtec.cat\/ceip-santacreu-anglesola\/?p=6685&amp;preview=true\"><img loading=\"lazy\" decoding=\"async\" class=\"\" src=\"https:\/\/1.bp.blogspot.com\/-Me57jxD_1Lc\/Wl8r_Bt6AwI\/AAAAAAAADKo\/Z6oCCt2ehUAvQCs0DP6cNEJZusSkl31rwCLcBGAs\/s1600\/2015122312130136224.jpg\" alt=\"Escapadas cortas: Estany d'Ivars, refugio de fauna y flora\" width=\"379\" height=\"207\" \/><\/a><\/p>\n<p>&nbsp;<\/p>\n","protected":false},"excerpt":{"rendered":"<p>El passat divendres 8 de mar\u00e7 l&#8217;alumnat de primer i segon cicle de prim\u00e0ria, vam anar d&#8217;excursi\u00f3 a visitar l&#8217;Estany d&#8217;Ivars i Vila-sana.<br \/>\nAll\u00ed ens vam dividir en dos grups (1r-2n; 3r-4t) i vam fer dos itineraris. Vam fer dues activitats diferents: l&#8217;anellament d&#8217;ocells; i l&#8217;observaci\u00f3,&hellip;  <a href=\"https:\/\/agora.xtec.cat\/ceip-santacreu-anglesola\/general\/sortida-a-lestany-divars-i-vila-sana\/\" title=\"Read Sortida a l&#8217;Estany d&#8217;Ivars i Vila-sana\">Llegeix m\u00e9s\u00bb<\/a><\/p>\n","protected":false},"author":1,"featured_media":6707,"comment_status":"closed","ping_status":"closed","sticky":false,"template":"","format":"standard","meta":{"_bbp_topic_count":0,"_bbp_reply_count":0,"_bbp_total_topic_count":0,"_bbp_total_reply_count":0,"_bbp_voice_count":0,"_bbp_anonymous_reply_count":0,"_bbp_topic_count_hidden":0,"_bbp_reply_count_hidden":0,"_bbp_forum_subforum_count":0,"footnotes":""},"categories":[1,4],"tags":[],"class_list":["post-6683","post","type-post","status-publish","format-standard","has-post-thumbnail","hentry","category-general","category-portada"],"post_mailing_queue_ids":[],"_links":{"self":[{"href":"https:\/\/agora.xtec.cat\/ceip-santacreu-anglesola\/wp-json\/wp\/v2\/posts\/6683","targetHints":{"allow":["GET"]}}],"collection":[{"href":"https:\/\/agora.xtec.cat\/ceip-santacreu-anglesola\/wp-json\/wp\/v2\/posts"}],"about":[{"href":"https:\/\/agora.xtec.cat\/ceip-santacreu-anglesola\/wp-json\/wp\/v2\/types\/post"}],"author":[{"embeddable":true,"href":"https:\/\/agora.xtec.cat\/ceip-santacreu-anglesola\/wp-json\/wp\/v2\/users\/1"}],"replies":[{"embeddable":true,"href":"https:\/\/agora.xtec.cat\/ceip-santacreu-anglesola\/wp-json\/wp\/v2\/comments?post=6683"}],"version-history":[{"count":7,"href":"https:\/\/agora.xtec.cat\/ceip-santacreu-anglesola\/wp-json\/wp\/v2\/posts\/6683\/revisions"}],"predecessor-version":[{"id":6708,"href":"https:\/\/agora.xtec.cat\/ceip-santacreu-anglesola\/wp-json\/wp\/v2\/posts\/6683\/revisions\/6708"}],"wp:featuredmedia":[{"embeddable":true,"href":"https:\/\/agora.xtec.cat\/ceip-santacreu-anglesola\/wp-json\/wp\/v2\/media\/6707"}],"wp:attachment":[{"href":"https:\/\/agora.xtec.cat\/ceip-santacreu-anglesola\/wp-json\/wp\/v2\/media?parent=6683"}],"wp:term":[{"taxonomy":"category","embeddable":true,"href":"https:\/\/agora.xtec.cat\/ceip-santacreu-anglesola\/wp-json\/wp\/v2\/categories?post=6683"},{"taxonomy":"post_tag","embeddable":true,"href":"https:\/\/agora.xtec.cat\/ceip-santacreu-anglesola\/wp-json\/wp\/v2\/tags?post=6683"}],"curies":[{"name":"wp","href":"https:\/\/api.w.org\/{rel}","templated":true}]}}