{"id":6674,"date":"2024-03-05T13:47:47","date_gmt":"2024-03-05T12:47:47","guid":{"rendered":"https:\/\/agora.xtec.cat\/ceip-santacreu-anglesola\/?p=6674"},"modified":"2024-03-05T15:11:16","modified_gmt":"2024-03-05T14:11:16","slug":"taller-de-prevencio-del-bullying","status":"publish","type":"post","link":"https:\/\/agora.xtec.cat\/ceip-santacreu-anglesola\/general\/taller-de-prevencio-del-bullying\/","title":{"rendered":"Taller de prevenci\u00f3 del Bullying"},"content":{"rendered":"<p>El passat 4 de mar\u00e7, la psic\u00f2loga Neus Planell va impartir un taller per a la prevenci\u00f3 del <em>bullying<\/em> escolar a l\u2019alumnat de 5\u00e8. Aquesta activitat est\u00e0 dins del Programa Comarcal de Suport a l\u2019Educaci\u00f3 que subvenciona el Consell Comarcal de l\u2019Urgell.<\/p>\n<p>Va iniciar el taller amb un di\u00e0leg construint el significat del <em>Bullying<\/em>. Posteriorment van fer la visualitzaci\u00f3 d&#8217;uns v\u00eddeos seguits d&#8217;una reflexi\u00f3 grupal.<\/p>\n<p>Per acabar, l&#8217; alumnat va treballar per grups per trobar una soluci\u00f3 alternativa als casos exposats en els v\u00eddeos.<\/p>\n<p>Cliqueu la imatge per veure&#8217;n m\u00e9s detalls.<\/p>\n<p>&nbsp;<\/p>\n<p><a href=\"https:\/\/agora.xtec.cat\/ceip-santacreu-anglesola\/general\/taller-de-bullying\/\"><img loading=\"lazy\" decoding=\"async\" class=\"alignnone size-medium wp-image-6675\" src=\"https:\/\/agora.xtec.cat\/ceip-santacreu-anglesola\/wp-content\/uploads\/usu483\/2024\/03\/Acoso-escolar-barcelona-Bullying-300x169.jpg\" alt=\"\" width=\"300\" height=\"169\" srcset=\"https:\/\/agora.xtec.cat\/ceip-santacreu-anglesola\/wp-content\/uploads\/usu483\/2024\/03\/Acoso-escolar-barcelona-Bullying-300x169.jpg 300w, https:\/\/agora.xtec.cat\/ceip-santacreu-anglesola\/wp-content\/uploads\/usu483\/2024\/03\/Acoso-escolar-barcelona-Bullying-1024x576.jpg 1024w, https:\/\/agora.xtec.cat\/ceip-santacreu-anglesola\/wp-content\/uploads\/usu483\/2024\/03\/Acoso-escolar-barcelona-Bullying-768x432.jpg 768w, https:\/\/agora.xtec.cat\/ceip-santacreu-anglesola\/wp-content\/uploads\/usu483\/2024\/03\/Acoso-escolar-barcelona-Bullying-1536x864.jpg 1536w, https:\/\/agora.xtec.cat\/ceip-santacreu-anglesola\/wp-content\/uploads\/usu483\/2024\/03\/Acoso-escolar-barcelona-Bullying.jpg 1920w\" sizes=\"auto, (max-width: 300px) 100vw, 300px\" \/><\/a><\/p>\n","protected":false},"excerpt":{"rendered":"<p>El passat 4 de mar\u00e7, la psic\u00f2loga Neus Planell va impartir un taller per a la prevenci\u00f3 del bullying escolar a l\u2019alumnat de 5\u00e8. Aquesta activitat est\u00e0 dins del Programa Comarcal de Suport a l\u2019Educaci\u00f3 que subvenciona el Consell Comarcal de l\u2019Urgell.<br \/>\nVa iniciar el taller&hellip;  <a href=\"https:\/\/agora.xtec.cat\/ceip-santacreu-anglesola\/general\/taller-de-prevencio-del-bullying\/\" title=\"Read Taller de prevenci\u00f3 del Bullying\">Llegeix m\u00e9s\u00bb<\/a><\/p>\n","protected":false},"author":1,"featured_media":0,"comment_status":"open","ping_status":"closed","sticky":false,"template":"","format":"standard","meta":{"_bbp_topic_count":0,"_bbp_reply_count":0,"_bbp_total_topic_count":0,"_bbp_total_reply_count":0,"_bbp_voice_count":0,"_bbp_anonymous_reply_count":0,"_bbp_topic_count_hidden":0,"_bbp_reply_count_hidden":0,"_bbp_forum_subforum_count":0,"footnotes":""},"categories":[1,4],"tags":[],"class_list":["post-6674","post","type-post","status-publish","format-standard","hentry","category-general","category-portada"],"post_mailing_queue_ids":[],"_links":{"self":[{"href":"https:\/\/agora.xtec.cat\/ceip-santacreu-anglesola\/wp-json\/wp\/v2\/posts\/6674","targetHints":{"allow":["GET"]}}],"collection":[{"href":"https:\/\/agora.xtec.cat\/ceip-santacreu-anglesola\/wp-json\/wp\/v2\/posts"}],"about":[{"href":"https:\/\/agora.xtec.cat\/ceip-santacreu-anglesola\/wp-json\/wp\/v2\/types\/post"}],"author":[{"embeddable":true,"href":"https:\/\/agora.xtec.cat\/ceip-santacreu-anglesola\/wp-json\/wp\/v2\/users\/1"}],"replies":[{"embeddable":true,"href":"https:\/\/agora.xtec.cat\/ceip-santacreu-anglesola\/wp-json\/wp\/v2\/comments?post=6674"}],"version-history":[{"count":4,"href":"https:\/\/agora.xtec.cat\/ceip-santacreu-anglesola\/wp-json\/wp\/v2\/posts\/6674\/revisions"}],"predecessor-version":[{"id":6682,"href":"https:\/\/agora.xtec.cat\/ceip-santacreu-anglesola\/wp-json\/wp\/v2\/posts\/6674\/revisions\/6682"}],"wp:attachment":[{"href":"https:\/\/agora.xtec.cat\/ceip-santacreu-anglesola\/wp-json\/wp\/v2\/media?parent=6674"}],"wp:term":[{"taxonomy":"category","embeddable":true,"href":"https:\/\/agora.xtec.cat\/ceip-santacreu-anglesola\/wp-json\/wp\/v2\/categories?post=6674"},{"taxonomy":"post_tag","embeddable":true,"href":"https:\/\/agora.xtec.cat\/ceip-santacreu-anglesola\/wp-json\/wp\/v2\/tags?post=6674"}],"curies":[{"name":"wp","href":"https:\/\/api.w.org\/{rel}","templated":true}]}}