{"id":6667,"date":"2024-03-05T10:00:05","date_gmt":"2024-03-05T09:00:05","guid":{"rendered":"https:\/\/agora.xtec.cat\/ceip-santacreu-anglesola\/?p=6667"},"modified":"2024-03-07T09:36:57","modified_gmt":"2024-03-07T08:36:57","slug":"aprendre-a-frustar-se","status":"publish","type":"post","link":"https:\/\/agora.xtec.cat\/ceip-santacreu-anglesola\/general\/aprendre-a-frustar-se\/","title":{"rendered":"APRENDRE A FRUSTAR-SE"},"content":{"rendered":"<p>Benvolgudes fam\u00edlies,<\/p>\n<p>en aquest article voldr\u00edem aportar-vos uns enlla\u00e7os molt interessants sobre la frustraci\u00f3. El primer \u00e9s un article de la revista CRIATURES, del diari Ara, on ens explica que hem de deixar als nostres fills i filles que es frustrin, que s&#8217;entristeixin, ja que les emocions negatives s&#8217;han de saber gestionar perqu\u00e8 tenen un alt valor educatiu.<\/p>\n<p><a href=\"https:\/\/criatures.ara.cat\/infancia\/deixeu-frustrin-entristeixin_130_4406733.html?utm_medium=social&amp;utm_campaign=echobox&amp;utm_source=Facebook#Echobox=1655828770\" target=\"_blank\" rel=\"noopener\">ARTICLE CRIATURES<\/a><\/p>\n<p>El segon, \u00e9s una entrevista a la psiquiatra Mar\u00eda Velasco sobre el mateix tema. \u00c9s molt interessant el que explica&#8230;<\/p>\n<p><iframe loading=\"lazy\" title=\"YouTube video player\" src=\"https:\/\/www.youtube.com\/embed\/I2r6Gy-uT8s?si=IJx5CiKsipvlC2Jc\" width=\"560\" height=\"315\" frameborder=\"0\" allowfullscreen=\"allowfullscreen\"><\/iframe><\/p>\n<p>Finalment, volem acabar aquesta publicaci\u00f3 amb el fragment de l&#8217;entrevista <strong>Educar para sentir<\/strong> a la\u00a0 psic\u00f2loga i escriptora Bego\u00f1a Ibarrola.<\/p>\n<p><a href=\"https:\/\/www.instagram.com\/reel\/C252FH9MKRV\/?igsh=a2F5Mmw1M3RjejY4\" target=\"_blank\" rel=\"noopener\">FRAGMENT ENTREVISTA<\/a><\/p>\n<p>Esperem que us sigui d&#8217;utilitat i del vostre inter\u00e8s.<\/p>\n","protected":false},"excerpt":{"rendered":"<p>Benvolgudes fam\u00edlies,<br \/>\nen aquest article voldr\u00edem aportar-vos uns enlla\u00e7os molt interessants sobre la frustraci\u00f3. El primer \u00e9s un article de la revista CRIATURES, del diari Ara, on ens explica que hem de deixar als nostres fills i filles que es frustrin, que s&#8217;entristeixin, ja que les&hellip;  <a href=\"https:\/\/agora.xtec.cat\/ceip-santacreu-anglesola\/general\/aprendre-a-frustar-se\/\" title=\"Read APRENDRE A FRUSTAR-SE\">Llegeix m\u00e9s\u00bb<\/a><\/p>\n","protected":false},"author":11,"featured_media":0,"comment_status":"open","ping_status":"closed","sticky":false,"template":"","format":"standard","meta":{"_bbp_topic_count":0,"_bbp_reply_count":0,"_bbp_total_topic_count":0,"_bbp_total_reply_count":0,"_bbp_voice_count":0,"_bbp_anonymous_reply_count":0,"_bbp_topic_count_hidden":0,"_bbp_reply_count_hidden":0,"_bbp_forum_subforum_count":0,"footnotes":""},"categories":[54,1,4],"tags":[],"class_list":["post-6667","post","type-post","status-publish","format-standard","hentry","category-articles","category-general","category-portada"],"post_mailing_queue_ids":[],"_links":{"self":[{"href":"https:\/\/agora.xtec.cat\/ceip-santacreu-anglesola\/wp-json\/wp\/v2\/posts\/6667","targetHints":{"allow":["GET"]}}],"collection":[{"href":"https:\/\/agora.xtec.cat\/ceip-santacreu-anglesola\/wp-json\/wp\/v2\/posts"}],"about":[{"href":"https:\/\/agora.xtec.cat\/ceip-santacreu-anglesola\/wp-json\/wp\/v2\/types\/post"}],"author":[{"embeddable":true,"href":"https:\/\/agora.xtec.cat\/ceip-santacreu-anglesola\/wp-json\/wp\/v2\/users\/11"}],"replies":[{"embeddable":true,"href":"https:\/\/agora.xtec.cat\/ceip-santacreu-anglesola\/wp-json\/wp\/v2\/comments?post=6667"}],"version-history":[{"count":4,"href":"https:\/\/agora.xtec.cat\/ceip-santacreu-anglesola\/wp-json\/wp\/v2\/posts\/6667\/revisions"}],"predecessor-version":[{"id":6671,"href":"https:\/\/agora.xtec.cat\/ceip-santacreu-anglesola\/wp-json\/wp\/v2\/posts\/6667\/revisions\/6671"}],"wp:attachment":[{"href":"https:\/\/agora.xtec.cat\/ceip-santacreu-anglesola\/wp-json\/wp\/v2\/media?parent=6667"}],"wp:term":[{"taxonomy":"category","embeddable":true,"href":"https:\/\/agora.xtec.cat\/ceip-santacreu-anglesola\/wp-json\/wp\/v2\/categories?post=6667"},{"taxonomy":"post_tag","embeddable":true,"href":"https:\/\/agora.xtec.cat\/ceip-santacreu-anglesola\/wp-json\/wp\/v2\/tags?post=6667"}],"curies":[{"name":"wp","href":"https:\/\/api.w.org\/{rel}","templated":true}]}}