{"id":6656,"date":"2024-02-28T16:09:55","date_gmt":"2024-02-28T15:09:55","guid":{"rendered":"https:\/\/agora.xtec.cat\/ceip-santacreu-anglesola\/?p=6656"},"modified":"2024-02-28T16:09:55","modified_gmt":"2024-02-28T15:09:55","slug":"el-mobil-els-fa-mal","status":"publish","type":"post","link":"https:\/\/agora.xtec.cat\/ceip-santacreu-anglesola\/articles\/el-mobil-els-fa-mal\/","title":{"rendered":"EL M\u00d2BIL ELS FA MAL"},"content":{"rendered":"<p>Benvolgudes fam\u00edlies,<\/p>\n<p>seguint amb la tem\u00e0tica de l&#8217;\u00fas i l&#8217;ab\u00fas de les pantalles, us fem arribar aquesta interessant entrevista a Francisco Villar, psic\u00f2leg especialista en prevenci\u00f3 de conductes su\u00efcides. Aquest especialista \u00e9s un ferm defensor d&#8217;endarrerir l&#8217;arribada del primer m\u00f2bil.<\/p>\n<p>Esperem que sigui del vostre inter\u00e8s.<\/p>\n<h2><a href=\"https:\/\/www.lavanguardia.com\/encatala\/20231119\/9389018\/tecnologiques-deixeu-els-joves-pau-mobil-els-fa-mal.html\" target=\"_blank\" rel=\"noopener\">ENTREVISTA<\/a><\/h2>\n","protected":false},"excerpt":{"rendered":"<p>Benvolgudes fam\u00edlies,<br \/>\nseguint amb la tem\u00e0tica de l&#8217;\u00fas i l&#8217;ab\u00fas de les pantalles, us fem arribar aquesta interessant entrevista a Francisco Villar, psic\u00f2leg especialista en prevenci\u00f3 de conductes su\u00efcides. Aquest especialista \u00e9s un ferm defensor d&#8217;endarrerir l&#8217;arribada del primer m\u00f2bil.<br \/>\nEsperem que sigui del vostre inter\u00e8s.<br \/>\n<a href=\"https:\/\/www.lavanguardia.com\/encatala\/20231119\/9389018\/tecnologiques-deixeu-els-joves-pau-mobil-els-fa-mal.html\"&hellip;  <a href=\"https:\/\/agora.xtec.cat\/ceip-santacreu-anglesola\/articles\/el-mobil-els-fa-mal\/\" title=\"Read EL M\u00d2BIL ELS FA MAL\">Llegeix m\u00e9s\u00bb<\/a><\/p>\n","protected":false},"author":11,"featured_media":0,"comment_status":"open","ping_status":"closed","sticky":false,"template":"","format":"standard","meta":{"_bbp_topic_count":0,"_bbp_reply_count":0,"_bbp_total_topic_count":0,"_bbp_total_reply_count":0,"_bbp_voice_count":0,"_bbp_anonymous_reply_count":0,"_bbp_topic_count_hidden":0,"_bbp_reply_count_hidden":0,"_bbp_forum_subforum_count":0,"footnotes":""},"categories":[54],"tags":[],"class_list":["post-6656","post","type-post","status-publish","format-standard","hentry","category-articles"],"post_mailing_queue_ids":[],"_links":{"self":[{"href":"https:\/\/agora.xtec.cat\/ceip-santacreu-anglesola\/wp-json\/wp\/v2\/posts\/6656","targetHints":{"allow":["GET"]}}],"collection":[{"href":"https:\/\/agora.xtec.cat\/ceip-santacreu-anglesola\/wp-json\/wp\/v2\/posts"}],"about":[{"href":"https:\/\/agora.xtec.cat\/ceip-santacreu-anglesola\/wp-json\/wp\/v2\/types\/post"}],"author":[{"embeddable":true,"href":"https:\/\/agora.xtec.cat\/ceip-santacreu-anglesola\/wp-json\/wp\/v2\/users\/11"}],"replies":[{"embeddable":true,"href":"https:\/\/agora.xtec.cat\/ceip-santacreu-anglesola\/wp-json\/wp\/v2\/comments?post=6656"}],"version-history":[{"count":1,"href":"https:\/\/agora.xtec.cat\/ceip-santacreu-anglesola\/wp-json\/wp\/v2\/posts\/6656\/revisions"}],"predecessor-version":[{"id":6657,"href":"https:\/\/agora.xtec.cat\/ceip-santacreu-anglesola\/wp-json\/wp\/v2\/posts\/6656\/revisions\/6657"}],"wp:attachment":[{"href":"https:\/\/agora.xtec.cat\/ceip-santacreu-anglesola\/wp-json\/wp\/v2\/media?parent=6656"}],"wp:term":[{"taxonomy":"category","embeddable":true,"href":"https:\/\/agora.xtec.cat\/ceip-santacreu-anglesola\/wp-json\/wp\/v2\/categories?post=6656"},{"taxonomy":"post_tag","embeddable":true,"href":"https:\/\/agora.xtec.cat\/ceip-santacreu-anglesola\/wp-json\/wp\/v2\/tags?post=6656"}],"curies":[{"name":"wp","href":"https:\/\/api.w.org\/{rel}","templated":true}]}}