{"id":6633,"date":"2024-02-26T16:42:10","date_gmt":"2024-02-26T15:42:10","guid":{"rendered":"https:\/\/agora.xtec.cat\/ceip-santacreu-anglesola\/?p=6633"},"modified":"2024-02-26T16:43:08","modified_gmt":"2024-02-26T15:43:08","slug":"visita-ies-manuel-de-pedrolo","status":"publish","type":"post","link":"https:\/\/agora.xtec.cat\/ceip-santacreu-anglesola\/general\/visita-ies-manuel-de-pedrolo\/","title":{"rendered":"VISITA IES MANUEL DE PEDROLO"},"content":{"rendered":"<p>El dilluns 26 d&#8217;abril l&#8217;alumnat de sis\u00e8 de prim\u00e0ria de la nostra escola, juntament amb les escoles de Tornabous i Vilagrassa, vam visitar l&#8217;IES Manuel de Pedrolo per tal de con\u00e8ixer les instal\u00b7lacions del nostre institut p\u00fablic de refer\u00e8ncia. Diferents exalumnes del nostre centre i d&#8217;altres centres ens van anar fent una ruta per l&#8217;institut mentre ens explicaven les seves experi\u00e8ncies i el dia a dia en un centre de secund\u00e0ria. Tot i la timidesa i la por a la novetat, aquesta trobada conjunta ens ha servit per trencar tab\u00fas i per con\u00e8ixer de primera m\u00e0 el que ser\u00e0 l&#8217;inici d&#8217;una nova etapa.<\/p>\n<p>Moltes gr\u00e0cies per obrir-nos el vostre centre \ud83d\ude42<\/p>\n<p><a href=\"https:\/\/agora.xtec.cat\/ceip-santacreu-anglesola\/general\/visita-ies-manuel-de-pedrolo-ocult\/\"><img loading=\"lazy\" decoding=\"async\" class=\"aligncenter size-large wp-image-6631\" src=\"https:\/\/agora.xtec.cat\/ceip-santacreu-anglesola\/wp-content\/uploads\/usu483\/2024\/02\/2-1024x468.png\" alt=\"\" width=\"1024\" height=\"468\" srcset=\"https:\/\/agora.xtec.cat\/ceip-santacreu-anglesola\/wp-content\/uploads\/usu483\/2024\/02\/2-1024x468.png 1024w, https:\/\/agora.xtec.cat\/ceip-santacreu-anglesola\/wp-content\/uploads\/usu483\/2024\/02\/2-300x137.png 300w, https:\/\/agora.xtec.cat\/ceip-santacreu-anglesola\/wp-content\/uploads\/usu483\/2024\/02\/2-768x351.png 768w, https:\/\/agora.xtec.cat\/ceip-santacreu-anglesola\/wp-content\/uploads\/usu483\/2024\/02\/2-1536x702.png 1536w, https:\/\/agora.xtec.cat\/ceip-santacreu-anglesola\/wp-content\/uploads\/usu483\/2024\/02\/2-2048x936.png 2048w\" sizes=\"auto, (max-width: 1024px) 100vw, 1024px\" \/><\/a><\/p>\n","protected":false},"excerpt":{"rendered":"<p>El dilluns 26 d&#8217;abril l&#8217;alumnat de sis\u00e8 de prim\u00e0ria de la nostra escola, juntament amb les escoles de Tornabous i Vilagrassa, vam visitar l&#8217;IES Manuel de Pedrolo per tal de con\u00e8ixer les instal\u00b7lacions del nostre institut p\u00fablic de refer\u00e8ncia. Diferents exalumnes del nostre centre i&hellip;  <a href=\"https:\/\/agora.xtec.cat\/ceip-santacreu-anglesola\/general\/visita-ies-manuel-de-pedrolo\/\" title=\"Read VISITA IES MANUEL DE PEDROLO\">Llegeix m\u00e9s\u00bb<\/a><\/p>\n","protected":false},"author":11,"featured_media":0,"comment_status":"open","ping_status":"closed","sticky":false,"template":"","format":"standard","meta":{"_bbp_topic_count":0,"_bbp_reply_count":0,"_bbp_total_topic_count":0,"_bbp_total_reply_count":0,"_bbp_voice_count":0,"_bbp_anonymous_reply_count":0,"_bbp_topic_count_hidden":0,"_bbp_reply_count_hidden":0,"_bbp_forum_subforum_count":0,"footnotes":""},"categories":[15,1,4,5],"tags":[],"class_list":["post-6633","post","type-post","status-publish","format-standard","hentry","category-6e","category-general","category-portada","category-primaria"],"post_mailing_queue_ids":[],"_links":{"self":[{"href":"https:\/\/agora.xtec.cat\/ceip-santacreu-anglesola\/wp-json\/wp\/v2\/posts\/6633","targetHints":{"allow":["GET"]}}],"collection":[{"href":"https:\/\/agora.xtec.cat\/ceip-santacreu-anglesola\/wp-json\/wp\/v2\/posts"}],"about":[{"href":"https:\/\/agora.xtec.cat\/ceip-santacreu-anglesola\/wp-json\/wp\/v2\/types\/post"}],"author":[{"embeddable":true,"href":"https:\/\/agora.xtec.cat\/ceip-santacreu-anglesola\/wp-json\/wp\/v2\/users\/11"}],"replies":[{"embeddable":true,"href":"https:\/\/agora.xtec.cat\/ceip-santacreu-anglesola\/wp-json\/wp\/v2\/comments?post=6633"}],"version-history":[{"count":1,"href":"https:\/\/agora.xtec.cat\/ceip-santacreu-anglesola\/wp-json\/wp\/v2\/posts\/6633\/revisions"}],"predecessor-version":[{"id":6635,"href":"https:\/\/agora.xtec.cat\/ceip-santacreu-anglesola\/wp-json\/wp\/v2\/posts\/6633\/revisions\/6635"}],"wp:attachment":[{"href":"https:\/\/agora.xtec.cat\/ceip-santacreu-anglesola\/wp-json\/wp\/v2\/media?parent=6633"}],"wp:term":[{"taxonomy":"category","embeddable":true,"href":"https:\/\/agora.xtec.cat\/ceip-santacreu-anglesola\/wp-json\/wp\/v2\/categories?post=6633"},{"taxonomy":"post_tag","embeddable":true,"href":"https:\/\/agora.xtec.cat\/ceip-santacreu-anglesola\/wp-json\/wp\/v2\/tags?post=6633"}],"curies":[{"name":"wp","href":"https:\/\/api.w.org\/{rel}","templated":true}]}}