{"id":6624,"date":"2024-02-26T16:23:07","date_gmt":"2024-02-26T15:23:07","guid":{"rendered":"https:\/\/agora.xtec.cat\/ceip-santacreu-anglesola\/?p=6624"},"modified":"2024-02-26T20:06:14","modified_gmt":"2024-02-26T19:06:14","slug":"visita-a-la-coral-joia-de-maig","status":"publish","type":"post","link":"https:\/\/agora.xtec.cat\/ceip-santacreu-anglesola\/general\/visita-a-la-coral-joia-de-maig\/","title":{"rendered":"VISITA A LA CORAL &#8220;JOIA DE MAIG&#8221;"},"content":{"rendered":"<p>El passat divendres 23 de febrer tot l&#8217;alumnat de l&#8217;escola vam visitar la coral del poble, Joia de Maig. Vam fer quatre torns per cicles per visitar les instal\u00b7lacions i gaudir de les explicacions dels seus membres, que amb molta passi\u00f3 ens van relatar la hist\u00f2ria de la coral. Despr\u00e9s <span style=\"font-family: inherit; font-size: 1em;\">vam fer una classe r\u00e0pida de cant coral amb l&#8217;alumnat. <\/span><span style=\"font-family: inherit; font-size: 1em;\">Per finalitzar la visita, ens van convidar a berenar coca i xocolata.<\/span><\/p>\n<p>Moltes gr\u00e0cies, vam gaudir molt de la visita \ud83d\ude09<\/p>\n<p><a href=\"https:\/\/agora.xtec.cat\/ceip-santacreu-anglesola\/general\/visita-a-la-coral-joia-de-maig-ocult\/\"><img loading=\"lazy\" decoding=\"async\" class=\"aligncenter size-full wp-image-6625\" src=\"https:\/\/agora.xtec.cat\/ceip-santacreu-anglesola\/wp-content\/uploads\/usu483\/2024\/02\/1.jpg\" alt=\"\" width=\"225\" height=\"225\" srcset=\"https:\/\/agora.xtec.cat\/ceip-santacreu-anglesola\/wp-content\/uploads\/usu483\/2024\/02\/1.jpg 225w, https:\/\/agora.xtec.cat\/ceip-santacreu-anglesola\/wp-content\/uploads\/usu483\/2024\/02\/1-150x150.jpg 150w\" sizes=\"auto, (max-width: 225px) 100vw, 225px\" \/><\/a><\/p>\n<p>&nbsp;<\/p>\n","protected":false},"excerpt":{"rendered":"<p>El passat divendres 23 de febrer tot l&#8217;alumnat de l&#8217;escola vam visitar la coral del poble, Joia de Maig. Vam fer quatre torns per cicles per visitar les instal\u00b7lacions i gaudir de les explicacions dels seus membres, que amb molta passi\u00f3 ens van relatar la&hellip;  <a href=\"https:\/\/agora.xtec.cat\/ceip-santacreu-anglesola\/general\/visita-a-la-coral-joia-de-maig\/\" title=\"Read VISITA A LA CORAL &#8220;JOIA DE MAIG&#8221;\">Llegeix m\u00e9s\u00bb<\/a><\/p>\n","protected":false},"author":11,"featured_media":0,"comment_status":"open","ping_status":"closed","sticky":false,"template":"","format":"standard","meta":{"_bbp_topic_count":0,"_bbp_reply_count":0,"_bbp_total_topic_count":0,"_bbp_total_reply_count":0,"_bbp_voice_count":0,"_bbp_anonymous_reply_count":0,"_bbp_topic_count_hidden":0,"_bbp_reply_count_hidden":0,"_bbp_forum_subforum_count":0,"footnotes":""},"categories":[1,4],"tags":[],"class_list":["post-6624","post","type-post","status-publish","format-standard","hentry","category-general","category-portada"],"post_mailing_queue_ids":[],"_links":{"self":[{"href":"https:\/\/agora.xtec.cat\/ceip-santacreu-anglesola\/wp-json\/wp\/v2\/posts\/6624","targetHints":{"allow":["GET"]}}],"collection":[{"href":"https:\/\/agora.xtec.cat\/ceip-santacreu-anglesola\/wp-json\/wp\/v2\/posts"}],"about":[{"href":"https:\/\/agora.xtec.cat\/ceip-santacreu-anglesola\/wp-json\/wp\/v2\/types\/post"}],"author":[{"embeddable":true,"href":"https:\/\/agora.xtec.cat\/ceip-santacreu-anglesola\/wp-json\/wp\/v2\/users\/11"}],"replies":[{"embeddable":true,"href":"https:\/\/agora.xtec.cat\/ceip-santacreu-anglesola\/wp-json\/wp\/v2\/comments?post=6624"}],"version-history":[{"count":3,"href":"https:\/\/agora.xtec.cat\/ceip-santacreu-anglesola\/wp-json\/wp\/v2\/posts\/6624\/revisions"}],"predecessor-version":[{"id":6639,"href":"https:\/\/agora.xtec.cat\/ceip-santacreu-anglesola\/wp-json\/wp\/v2\/posts\/6624\/revisions\/6639"}],"wp:attachment":[{"href":"https:\/\/agora.xtec.cat\/ceip-santacreu-anglesola\/wp-json\/wp\/v2\/media?parent=6624"}],"wp:term":[{"taxonomy":"category","embeddable":true,"href":"https:\/\/agora.xtec.cat\/ceip-santacreu-anglesola\/wp-json\/wp\/v2\/categories?post=6624"},{"taxonomy":"post_tag","embeddable":true,"href":"https:\/\/agora.xtec.cat\/ceip-santacreu-anglesola\/wp-json\/wp\/v2\/tags?post=6624"}],"curies":[{"name":"wp","href":"https:\/\/api.w.org\/{rel}","templated":true}]}}