{"id":6618,"date":"2024-02-26T13:21:48","date_gmt":"2024-02-26T12:21:48","guid":{"rendered":"https:\/\/agora.xtec.cat\/ceip-santacreu-anglesola\/?p=6618"},"modified":"2024-02-26T20:10:38","modified_gmt":"2024-02-26T19:10:38","slug":"cicle-inicial-va-al-teatre-a-veure-la-llantia-meravellosa","status":"publish","type":"post","link":"https:\/\/agora.xtec.cat\/ceip-santacreu-anglesola\/general\/cicle-inicial-va-al-teatre-a-veure-la-llantia-meravellosa\/","title":{"rendered":"CICLE INICIAL VA AL TEATRE A VEURE \u201cLA LL\u00c0NTIA MERAVELLOSA\u201d"},"content":{"rendered":"<p>El dia 22 de febrer l\u2019alumnat de Cicle Inicial vam anar al teatre Ateneu de T\u00e0rrega a veure l\u2019obra: \u201cLa ll\u00e0ntia meravellosa\u201d de la companyia Festuc teatre. Un espectacle de titelles que ens parla dels desitjos, de l\u2019acceptaci\u00f3 i de l\u2019amor que \u00e9s capa\u00e7 de superar les dificultats que ens presenta la vida.<\/p>\n<p>Tots i totes vam gaudir molt de l\u2019espectacle i de les can\u00e7ons, on vam participar fent una coreografia amb els bra\u00e7os i aplaudint amb les mans. Ens va agradar molt l\u2019argument i la posada en escena.<\/p>\n<p>Quan vam arribar a classe vam poder reflexionar sobre els diversos valors que ens va transmetre l\u2019obra i vam parlar dels personatges i de les escenes que m\u00e9s ens van agradar.<\/p>\n<p>Moltes gr\u00e0cies a l\u2019\u00cdngrid Teixid\u00f3 i al Pere P\u00e0mpols per la seva interpretaci\u00f3 amb les titelles, per fer-se una foto amb nosaltres al <em>photocall <\/em>i per fer-nos passar una estona fant\u00e0stica i entretinguda.<\/p>\n<p><a href=\"https:\/\/agora.xtec.cat\/ceip-santacreu-anglesola\/?p=6621&amp;preview=true\" target=\"_blank\" rel=\"noopener\"><img loading=\"lazy\" decoding=\"async\" class=\"alignnone wp-image-6619 size-full\" src=\"https:\/\/agora.xtec.cat\/ceip-santacreu-anglesola\/wp-content\/uploads\/usu483\/2024\/02\/TEATRE.jpg\" alt=\"\" width=\"241\" height=\"209\" \/><\/a><\/p>\n","protected":false},"excerpt":{"rendered":"<p>El dia 22 de febrer l\u2019alumnat de Cicle Inicial vam anar al teatre Ateneu de T\u00e0rrega a veure l\u2019obra: \u201cLa ll\u00e0ntia meravellosa\u201d de la companyia Festuc teatre. Un espectacle de titelles que ens parla dels desitjos, de l\u2019acceptaci\u00f3 i de l\u2019amor que \u00e9s capa\u00e7 de&hellip;  <a href=\"https:\/\/agora.xtec.cat\/ceip-santacreu-anglesola\/general\/cicle-inicial-va-al-teatre-a-veure-la-llantia-meravellosa\/\" title=\"Read CICLE INICIAL VA AL TEATRE A VEURE \u201cLA LL\u00c0NTIA MERAVELLOSA\u201d\">Llegeix m\u00e9s\u00bb<\/a><\/p>\n","protected":false},"author":1,"featured_media":6619,"comment_status":"closed","ping_status":"closed","sticky":false,"template":"","format":"standard","meta":{"_bbp_topic_count":0,"_bbp_reply_count":0,"_bbp_total_topic_count":0,"_bbp_total_reply_count":0,"_bbp_voice_count":0,"_bbp_anonymous_reply_count":0,"_bbp_topic_count_hidden":0,"_bbp_reply_count_hidden":0,"_bbp_forum_subforum_count":0,"footnotes":""},"categories":[1,4],"tags":[],"class_list":["post-6618","post","type-post","status-publish","format-standard","has-post-thumbnail","hentry","category-general","category-portada"],"post_mailing_queue_ids":[],"_links":{"self":[{"href":"https:\/\/agora.xtec.cat\/ceip-santacreu-anglesola\/wp-json\/wp\/v2\/posts\/6618","targetHints":{"allow":["GET"]}}],"collection":[{"href":"https:\/\/agora.xtec.cat\/ceip-santacreu-anglesola\/wp-json\/wp\/v2\/posts"}],"about":[{"href":"https:\/\/agora.xtec.cat\/ceip-santacreu-anglesola\/wp-json\/wp\/v2\/types\/post"}],"author":[{"embeddable":true,"href":"https:\/\/agora.xtec.cat\/ceip-santacreu-anglesola\/wp-json\/wp\/v2\/users\/1"}],"replies":[{"embeddable":true,"href":"https:\/\/agora.xtec.cat\/ceip-santacreu-anglesola\/wp-json\/wp\/v2\/comments?post=6618"}],"version-history":[{"count":3,"href":"https:\/\/agora.xtec.cat\/ceip-santacreu-anglesola\/wp-json\/wp\/v2\/posts\/6618\/revisions"}],"predecessor-version":[{"id":6640,"href":"https:\/\/agora.xtec.cat\/ceip-santacreu-anglesola\/wp-json\/wp\/v2\/posts\/6618\/revisions\/6640"}],"wp:featuredmedia":[{"embeddable":true,"href":"https:\/\/agora.xtec.cat\/ceip-santacreu-anglesola\/wp-json\/wp\/v2\/media\/6619"}],"wp:attachment":[{"href":"https:\/\/agora.xtec.cat\/ceip-santacreu-anglesola\/wp-json\/wp\/v2\/media?parent=6618"}],"wp:term":[{"taxonomy":"category","embeddable":true,"href":"https:\/\/agora.xtec.cat\/ceip-santacreu-anglesola\/wp-json\/wp\/v2\/categories?post=6618"},{"taxonomy":"post_tag","embeddable":true,"href":"https:\/\/agora.xtec.cat\/ceip-santacreu-anglesola\/wp-json\/wp\/v2\/tags?post=6618"}],"curies":[{"name":"wp","href":"https:\/\/api.w.org\/{rel}","templated":true}]}}