{"id":6613,"date":"2024-02-26T22:29:03","date_gmt":"2024-02-26T21:29:03","guid":{"rendered":"https:\/\/agora.xtec.cat\/ceip-santacreu-anglesola\/?p=6613"},"modified":"2024-02-26T23:45:14","modified_gmt":"2024-02-26T22:45:14","slug":"els-alumnes-de-segon-cicle-estudiem-lunivers-2","status":"publish","type":"post","link":"https:\/\/agora.xtec.cat\/ceip-santacreu-anglesola\/general\/els-alumnes-de-segon-cicle-estudiem-lunivers-2\/","title":{"rendered":"ELS ALUMNES DE SEGON CICLE ESTUDIEM L&#8217;UNIVERS"},"content":{"rendered":"<p>Els alumnes de segon cicle de prim\u00e0ria, aquest trimestre, hem treballat el tema <strong>La Terra i la Lluna,<\/strong> dins la mat\u00e8ria de Coneixement del Medi.<\/p>\n<p>Per entendre aquest sorprenent m\u00f3n de l\u2019Univers, hem elaborat un mural lapbook sobre aquest tema.<\/p>\n<p>Hem realitzat diverses activitats a l\u2019aula en grups cooperatius.<\/p>\n<p>Mitjan\u00e7ant tauletes hem apr\u00e8s a cercar i sintetitzar informaci\u00f3 i per tancar i refor\u00e7ar el tema, hem fet una exposici\u00f3 oral del treball de grup als altres companys.<\/p>\n<p>Podeu clicar damunt de la imatge per veure les fotos:<\/p>\n<p><a href=\"https:\/\/agora.xtec.cat\/ceip-santacreu-anglesola\/primaria\/els-alumnes-de-segon-cicle-estudiem-lunivers\/\" target=\"_blank\" rel=\"noopener\"><img loading=\"lazy\" decoding=\"async\" class=\"alignnone wp-image-6650 size-medium\" src=\"https:\/\/agora.xtec.cat\/ceip-santacreu-anglesola\/wp-content\/uploads\/usu483\/2024\/02\/IMATGE-ARTICLE-300x200.jpg\" alt=\"\" width=\"300\" height=\"200\" srcset=\"https:\/\/agora.xtec.cat\/ceip-santacreu-anglesola\/wp-content\/uploads\/usu483\/2024\/02\/IMATGE-ARTICLE-300x200.jpg 300w, https:\/\/agora.xtec.cat\/ceip-santacreu-anglesola\/wp-content\/uploads\/usu483\/2024\/02\/IMATGE-ARTICLE-1024x683.jpg 1024w, https:\/\/agora.xtec.cat\/ceip-santacreu-anglesola\/wp-content\/uploads\/usu483\/2024\/02\/IMATGE-ARTICLE-768x512.jpg 768w, https:\/\/agora.xtec.cat\/ceip-santacreu-anglesola\/wp-content\/uploads\/usu483\/2024\/02\/IMATGE-ARTICLE.jpg 1200w\" sizes=\"auto, (max-width: 300px) 100vw, 300px\" \/><\/a><\/p>\n<p>&nbsp;<\/p>\n","protected":false},"excerpt":{"rendered":"<p>Els alumnes de segon cicle de prim\u00e0ria, aquest trimestre, hem treballat el tema La Terra i la Lluna, dins la mat\u00e8ria de Coneixement del Medi.<br \/>\nPer entendre aquest sorprenent m\u00f3n de l\u2019Univers, hem elaborat un mural lapbook sobre aquest tema.<br \/>\nHem realitzat diverses activitats a l\u2019aula en&hellip;  <a href=\"https:\/\/agora.xtec.cat\/ceip-santacreu-anglesola\/general\/els-alumnes-de-segon-cicle-estudiem-lunivers-2\/\" title=\"Read ELS ALUMNES DE SEGON CICLE ESTUDIEM L&#8217;UNIVERS\">Llegeix m\u00e9s\u00bb<\/a><\/p>\n","protected":false},"author":16,"featured_media":0,"comment_status":"open","ping_status":"closed","sticky":false,"template":"","format":"standard","meta":{"_bbp_topic_count":0,"_bbp_reply_count":0,"_bbp_total_topic_count":0,"_bbp_total_reply_count":0,"_bbp_voice_count":0,"_bbp_anonymous_reply_count":0,"_bbp_topic_count_hidden":0,"_bbp_reply_count_hidden":0,"_bbp_forum_subforum_count":0,"footnotes":""},"categories":[12,13,1,4,5],"tags":[],"class_list":["post-6613","post","type-post","status-publish","format-standard","hentry","category-3r","category-4t","category-general","category-portada","category-primaria"],"post_mailing_queue_ids":[],"_links":{"self":[{"href":"https:\/\/agora.xtec.cat\/ceip-santacreu-anglesola\/wp-json\/wp\/v2\/posts\/6613","targetHints":{"allow":["GET"]}}],"collection":[{"href":"https:\/\/agora.xtec.cat\/ceip-santacreu-anglesola\/wp-json\/wp\/v2\/posts"}],"about":[{"href":"https:\/\/agora.xtec.cat\/ceip-santacreu-anglesola\/wp-json\/wp\/v2\/types\/post"}],"author":[{"embeddable":true,"href":"https:\/\/agora.xtec.cat\/ceip-santacreu-anglesola\/wp-json\/wp\/v2\/users\/16"}],"replies":[{"embeddable":true,"href":"https:\/\/agora.xtec.cat\/ceip-santacreu-anglesola\/wp-json\/wp\/v2\/comments?post=6613"}],"version-history":[{"count":6,"href":"https:\/\/agora.xtec.cat\/ceip-santacreu-anglesola\/wp-json\/wp\/v2\/posts\/6613\/revisions"}],"predecessor-version":[{"id":6655,"href":"https:\/\/agora.xtec.cat\/ceip-santacreu-anglesola\/wp-json\/wp\/v2\/posts\/6613\/revisions\/6655"}],"wp:attachment":[{"href":"https:\/\/agora.xtec.cat\/ceip-santacreu-anglesola\/wp-json\/wp\/v2\/media?parent=6613"}],"wp:term":[{"taxonomy":"category","embeddable":true,"href":"https:\/\/agora.xtec.cat\/ceip-santacreu-anglesola\/wp-json\/wp\/v2\/categories?post=6613"},{"taxonomy":"post_tag","embeddable":true,"href":"https:\/\/agora.xtec.cat\/ceip-santacreu-anglesola\/wp-json\/wp\/v2\/tags?post=6613"}],"curies":[{"name":"wp","href":"https:\/\/api.w.org\/{rel}","templated":true}]}}