{"id":6590,"date":"2024-02-11T20:30:02","date_gmt":"2024-02-11T19:30:02","guid":{"rendered":"https:\/\/agora.xtec.cat\/ceip-santacreu-anglesola\/?p=6590"},"modified":"2024-02-11T20:35:03","modified_gmt":"2024-02-11T19:35:03","slug":"visita-de-lassociacio-down-de-lleida-cicle-superior","status":"publish","type":"post","link":"https:\/\/agora.xtec.cat\/ceip-santacreu-anglesola\/general\/visita-de-lassociacio-down-de-lleida-cicle-superior\/","title":{"rendered":"VISITA DE L&#8217;ASSOCIACI\u00d3 DOWN DE LLEIDA. CICLE SUPERIOR"},"content":{"rendered":"<p>El divendres, dia 9, ens va venir a visitar l&#8217;Eva, una mestra volunt\u00e0ria, que treballa a l&#8217;associaci\u00f3 Down de Lleida. Ens va explicar que des de l&#8217;associaci\u00f3 es treballa per a promoure la igualtat d&#8217;oportunitats entre les persones amb diferents capacitats i tamb\u00e9 es treballa per a la normalitzaci\u00f3 i la inclusi\u00f3 de les persones amb s\u00edndrome de Down i altres discapacitats intel\u00b7lectuals. Ens va explicar les caracter\u00edstiques d&#8217;aquestes discapacitats, el suport i l&#8217;ajuda que reben des de l&#8217;associaci\u00f3 i ens va presentar alguns dels protagonistes (enregistrament de v\u00eddeo) que ens van explicar una mica la seva vida. A l&#8217;acabar vam poder fer una colla de preguntes que l&#8217;Eva ens va respondre molt amablement.<\/p>\n<p>Ha estat una sessi\u00f3 molt rica i instructiva, la qual ens ha ajudat a desenvolupar una major empatia i comprensi\u00f3 cap a les persones amb discapacitat, posant-nos en el seu lloc i veient el m\u00f3n des de la seva perspectiva, fent-nos ser m\u00e9s conscients de que el m\u00f3n ha de ser m\u00e9s inclusiu i just per a tothom.<\/p>\n<p>Acabem amb la seva frase estrella: &#8220;Capacitats diverses, possibilitats infinites&#8221;.<\/p>\n<p>Cliqueu a la imatge per a veure les fotografies de la sessi\u00f3.<\/p>\n<p><a href=\"https:\/\/agora.xtec.cat\/ceip-santacreu-anglesola\/?p=6593&amp;preview=true\" target=\"_blank\" rel=\"noopener\"><img loading=\"lazy\" decoding=\"async\" class=\"alignnone wp-image-6591 size-medium\" src=\"https:\/\/agora.xtec.cat\/ceip-santacreu-anglesola\/wp-content\/uploads\/usu483\/2024\/02\/downlleida-300x200.jpg\" alt=\"\" width=\"300\" height=\"200\" srcset=\"https:\/\/agora.xtec.cat\/ceip-santacreu-anglesola\/wp-content\/uploads\/usu483\/2024\/02\/downlleida-300x200.jpg 300w, https:\/\/agora.xtec.cat\/ceip-santacreu-anglesola\/wp-content\/uploads\/usu483\/2024\/02\/downlleida.jpg 450w\" sizes=\"auto, (max-width: 300px) 100vw, 300px\" \/><\/a><\/p>\n<p>&nbsp;<\/p>\n","protected":false},"excerpt":{"rendered":"<p>El divendres, dia 9, ens va venir a visitar l&#8217;Eva, una mestra volunt\u00e0ria, que treballa a l&#8217;associaci\u00f3 Down de Lleida. Ens va explicar que des de l&#8217;associaci\u00f3 es treballa per a promoure la igualtat d&#8217;oportunitats entre les persones amb diferents capacitats i tamb\u00e9 es treballa&hellip;  <a href=\"https:\/\/agora.xtec.cat\/ceip-santacreu-anglesola\/general\/visita-de-lassociacio-down-de-lleida-cicle-superior\/\" title=\"Read VISITA DE L&#8217;ASSOCIACI\u00d3 DOWN DE LLEIDA. CICLE SUPERIOR\">Llegeix m\u00e9s\u00bb<\/a><\/p>\n","protected":false},"author":1,"featured_media":6591,"comment_status":"closed","ping_status":"closed","sticky":false,"template":"","format":"standard","meta":{"_bbp_topic_count":0,"_bbp_reply_count":0,"_bbp_total_topic_count":0,"_bbp_total_reply_count":0,"_bbp_voice_count":0,"_bbp_anonymous_reply_count":0,"_bbp_topic_count_hidden":0,"_bbp_reply_count_hidden":0,"_bbp_forum_subforum_count":0,"footnotes":""},"categories":[1,4],"tags":[],"class_list":["post-6590","post","type-post","status-publish","format-standard","has-post-thumbnail","hentry","category-general","category-portada"],"post_mailing_queue_ids":[],"_links":{"self":[{"href":"https:\/\/agora.xtec.cat\/ceip-santacreu-anglesola\/wp-json\/wp\/v2\/posts\/6590","targetHints":{"allow":["GET"]}}],"collection":[{"href":"https:\/\/agora.xtec.cat\/ceip-santacreu-anglesola\/wp-json\/wp\/v2\/posts"}],"about":[{"href":"https:\/\/agora.xtec.cat\/ceip-santacreu-anglesola\/wp-json\/wp\/v2\/types\/post"}],"author":[{"embeddable":true,"href":"https:\/\/agora.xtec.cat\/ceip-santacreu-anglesola\/wp-json\/wp\/v2\/users\/1"}],"replies":[{"embeddable":true,"href":"https:\/\/agora.xtec.cat\/ceip-santacreu-anglesola\/wp-json\/wp\/v2\/comments?post=6590"}],"version-history":[{"count":5,"href":"https:\/\/agora.xtec.cat\/ceip-santacreu-anglesola\/wp-json\/wp\/v2\/posts\/6590\/revisions"}],"predecessor-version":[{"id":6602,"href":"https:\/\/agora.xtec.cat\/ceip-santacreu-anglesola\/wp-json\/wp\/v2\/posts\/6590\/revisions\/6602"}],"wp:featuredmedia":[{"embeddable":true,"href":"https:\/\/agora.xtec.cat\/ceip-santacreu-anglesola\/wp-json\/wp\/v2\/media\/6591"}],"wp:attachment":[{"href":"https:\/\/agora.xtec.cat\/ceip-santacreu-anglesola\/wp-json\/wp\/v2\/media?parent=6590"}],"wp:term":[{"taxonomy":"category","embeddable":true,"href":"https:\/\/agora.xtec.cat\/ceip-santacreu-anglesola\/wp-json\/wp\/v2\/categories?post=6590"},{"taxonomy":"post_tag","embeddable":true,"href":"https:\/\/agora.xtec.cat\/ceip-santacreu-anglesola\/wp-json\/wp\/v2\/tags?post=6590"}],"curies":[{"name":"wp","href":"https:\/\/api.w.org\/{rel}","templated":true}]}}