{"id":6534,"date":"2024-02-02T10:05:40","date_gmt":"2024-02-02T09:05:40","guid":{"rendered":"https:\/\/agora.xtec.cat\/ceip-santacreu-anglesola\/?p=6534"},"modified":"2024-02-02T10:08:34","modified_gmt":"2024-02-02T09:08:34","slug":"denip-a-lescola-3","status":"publish","type":"post","link":"https:\/\/agora.xtec.cat\/ceip-santacreu-anglesola\/general\/denip-a-lescola-3\/","title":{"rendered":"DENIP A L\u2019ESCOLA"},"content":{"rendered":"<p>Com cada any, el 30 de gener els nens i nenes de l\u2019escola Santa Creu hem celebrat el Dia de la pau i de la no viol\u00e8ncia escolar.<\/p>\n<p>Aquest any, amb les mans de tots l&#8217;alumnat de l\u2019escola, hem omplert 3 grans coloms de la Pau.<\/p>\n<p>A la tarda, els infants d\u2019I4, van llegir un poema escrit per ells mateixos; a prim\u00e0ria durant les sessions de biblioteca tamb\u00e9 s\u2019ha treballat un poema de la Pau, que vam recitar.<\/p>\n<p>Durant\u00a0 tot el gener a la classe de Religi\u00f3 i Valors, tamb\u00e9 s\u2019ha anat\u00a0 parlant de la tem\u00e0tica de la Pau i la import\u00e0ncia de la figura de Mahatma Gandhi. Els de 6\u00e8 vam elaborar i llegir un manifest per la Pau.<\/p>\n<p>Finalment amb unes rotllanes hem cantat la can\u00e7\u00f3 \u201cGrita\u201d de Jarabe de Palo.<\/p>\n<p><strong>MANIFEST DE LA PAU<\/strong><\/p>\n<p>Els alumnes de 6\u00e8 estem aqu\u00ed en representaci\u00f3 de tota l\u2019escola Santa Creu per commemorar el dia de la PAU.<\/p>\n<p>Aquest dia que \u00e9s avui, es celebra a tot arreu el dia 30 gener, volem expressar un desig que ens uneix a tots i totes : el desig de pau a tot el m\u00f3n.<\/p>\n<p>Un dia com avui de fa 76 anys recordem la mort de Ghandi. Un pacifista que va defensar fins l\u2019\u00faltim dia, que calia construir una cultura per la pau i l\u2019\u00fanica manera de viure era amb respecte.<\/p>\n<p>Nosaltres tenim la sort de viure en un rac\u00f3 del m\u00f3n on gaudim de la PAU per\u00f2 encara hi ha molta feina per a fer i moltes vegades observem situacions amb manca de pau.<\/p>\n<p>Entre nosaltres vivim situacions d\u2019aquestes perqu\u00e8 ens barallem, no ens ajudem o fins i tot mirem malament a altres companys i companyes perqu\u00e8 s\u00f3n diferents.<\/p>\n<p>Resoldre aquests petits conflictes est\u00e0 a les nostres mans i aquest hauria de ser el nostre comprom\u00eds. \u00c9s una cosa de tots i totes a contribuir a millorar aquestes situacions i a ser capa\u00e7os de demanar perd\u00f3 quan \u00e9s necessari. Nom\u00e9s amb el di\u00e0leg es poden solucionar els conflictes.<\/p>\n<p>A la classe de Religi\u00f3 i Valors hem vist que molts nens i nenes, tenen conflictes molt m\u00e9s grans i greus que nosaltres: Israel, Palestina, R\u00fassia, Ucra\u00efna i molts altres llocs del m\u00f3n que no se\u2019n parla tant.<\/p>\n<p>A tots aquests llocs, els convidem a beure un c\u00f2ctel molt especial, per la pau i la tranquil\u00b7litat.<\/p>\n<p>Per comen\u00e7ar posem 3 cullerades de tranquil\u00b7litat, hi afegim 4 maduixes del NO Bullying, 15 grans de ra\u00efm de la PAU i 10 cireres del respecte.<\/p>\n<p>Finalment ho remenem tot durant 1 minut, ho deixem reposar en els nostres cors.<\/p>\n<p>Despr\u00e9s agafem un parell de mandarines de l\u2019amistat; i per acabar hi posem un pessic d\u2019igualtat i ho remenem tot.<\/p>\n<p>Abans de beure\u2019l,\u00a0 remenar-ho tot amb una branca de llorer. Ens ho prenem amb la nostra fam\u00edlia, amics i amigues. Nom\u00e9s ens queda afegir petons i abra\u00e7ades per a tothom.<\/p>\n<p>&nbsp;<\/p>\n<p><a href=\"https:\/\/agora.xtec.cat\/ceip-santacreu-anglesola\/general\/denip-a-lescola-4\/\" target=\"_blank\" rel=\"noopener\"><img loading=\"lazy\" decoding=\"async\" class=\"alignnone wp-image-6535 size-medium\" src=\"https:\/\/agora.xtec.cat\/ceip-santacreu-anglesola\/wp-content\/uploads\/usu483\/2024\/02\/foto-portada-300x225.jpg\" alt=\"\" width=\"300\" height=\"225\" srcset=\"https:\/\/agora.xtec.cat\/ceip-santacreu-anglesola\/wp-content\/uploads\/usu483\/2024\/02\/foto-portada-300x225.jpg 300w, https:\/\/agora.xtec.cat\/ceip-santacreu-anglesola\/wp-content\/uploads\/usu483\/2024\/02\/foto-portada-1024x768.jpg 1024w, https:\/\/agora.xtec.cat\/ceip-santacreu-anglesola\/wp-content\/uploads\/usu483\/2024\/02\/foto-portada-768x576.jpg 768w, https:\/\/agora.xtec.cat\/ceip-santacreu-anglesola\/wp-content\/uploads\/usu483\/2024\/02\/foto-portada-1536x1152.jpg 1536w, https:\/\/agora.xtec.cat\/ceip-santacreu-anglesola\/wp-content\/uploads\/usu483\/2024\/02\/foto-portada-200x150.jpg 200w, https:\/\/agora.xtec.cat\/ceip-santacreu-anglesola\/wp-content\/uploads\/usu483\/2024\/02\/foto-portada.jpg 1792w\" sizes=\"auto, (max-width: 300px) 100vw, 300px\" \/><\/a><\/p>\n","protected":false},"excerpt":{"rendered":"<p>Com cada any, el 30 de gener els nens i nenes de l\u2019escola Santa Creu hem celebrat el Dia de la pau i de la no viol\u00e8ncia escolar.<br \/>\nAquest any, amb les mans de tots l&#8217;alumnat de l\u2019escola, hem omplert 3 grans coloms de la Pau.<br \/>\nA&hellip;  <a href=\"https:\/\/agora.xtec.cat\/ceip-santacreu-anglesola\/general\/denip-a-lescola-3\/\" title=\"Read DENIP A L\u2019ESCOLA\">Llegeix m\u00e9s\u00bb<\/a><\/p>\n","protected":false},"author":1,"featured_media":6535,"comment_status":"closed","ping_status":"closed","sticky":false,"template":"","format":"standard","meta":{"_bbp_topic_count":0,"_bbp_reply_count":0,"_bbp_total_topic_count":0,"_bbp_total_reply_count":0,"_bbp_voice_count":0,"_bbp_anonymous_reply_count":0,"_bbp_topic_count_hidden":0,"_bbp_reply_count_hidden":0,"_bbp_forum_subforum_count":0,"footnotes":""},"categories":[1,4],"tags":[],"class_list":["post-6534","post","type-post","status-publish","format-standard","has-post-thumbnail","hentry","category-general","category-portada"],"post_mailing_queue_ids":[],"_links":{"self":[{"href":"https:\/\/agora.xtec.cat\/ceip-santacreu-anglesola\/wp-json\/wp\/v2\/posts\/6534","targetHints":{"allow":["GET"]}}],"collection":[{"href":"https:\/\/agora.xtec.cat\/ceip-santacreu-anglesola\/wp-json\/wp\/v2\/posts"}],"about":[{"href":"https:\/\/agora.xtec.cat\/ceip-santacreu-anglesola\/wp-json\/wp\/v2\/types\/post"}],"author":[{"embeddable":true,"href":"https:\/\/agora.xtec.cat\/ceip-santacreu-anglesola\/wp-json\/wp\/v2\/users\/1"}],"replies":[{"embeddable":true,"href":"https:\/\/agora.xtec.cat\/ceip-santacreu-anglesola\/wp-json\/wp\/v2\/comments?post=6534"}],"version-history":[{"count":2,"href":"https:\/\/agora.xtec.cat\/ceip-santacreu-anglesola\/wp-json\/wp\/v2\/posts\/6534\/revisions"}],"predecessor-version":[{"id":6539,"href":"https:\/\/agora.xtec.cat\/ceip-santacreu-anglesola\/wp-json\/wp\/v2\/posts\/6534\/revisions\/6539"}],"wp:featuredmedia":[{"embeddable":true,"href":"https:\/\/agora.xtec.cat\/ceip-santacreu-anglesola\/wp-json\/wp\/v2\/media\/6535"}],"wp:attachment":[{"href":"https:\/\/agora.xtec.cat\/ceip-santacreu-anglesola\/wp-json\/wp\/v2\/media?parent=6534"}],"wp:term":[{"taxonomy":"category","embeddable":true,"href":"https:\/\/agora.xtec.cat\/ceip-santacreu-anglesola\/wp-json\/wp\/v2\/categories?post=6534"},{"taxonomy":"post_tag","embeddable":true,"href":"https:\/\/agora.xtec.cat\/ceip-santacreu-anglesola\/wp-json\/wp\/v2\/tags?post=6534"}],"curies":[{"name":"wp","href":"https:\/\/api.w.org\/{rel}","templated":true}]}}