{"id":6511,"date":"2024-01-23T12:42:53","date_gmt":"2024-01-23T11:42:53","guid":{"rendered":"https:\/\/agora.xtec.cat\/ceip-santacreu-anglesola\/?p=6511"},"modified":"2024-01-23T12:54:04","modified_gmt":"2024-01-23T11:54:04","slug":"taller-jo-decideixo-5e","status":"publish","type":"post","link":"https:\/\/agora.xtec.cat\/ceip-santacreu-anglesola\/general\/taller-jo-decideixo-5e\/","title":{"rendered":"TALLER: &#8220;JO DECIDEIXO&#8221; (5\u00e8)"},"content":{"rendered":"<p>Aquest dimarts ens ha fet una visita la referent de Benestar Emocional del Centre d&#8217;Atenci\u00f3 Prim\u00e0ria de T\u00e0rrega amb l&#8217;objectiu de conversar i reflexionar sobre el m\u00f3n de les decisions, les opcions, les influ\u00e8ncies, les informacions falses,.. aprendre a estar informats, a respectar, a dir <strong>NO<\/strong> quan no volem fer o dir alguna cosa que considerem que no \u00e9s correcta,.. Despr\u00e8s de teoritzar hem passat a resoldre casos pr\u00e0ctics i hem hagut de rumiar la millor manera per resoldre&#8217;ls. Tots i totes hem pogut col\u00b7laborar donant les nostres opinions, ha estat un taller molt enriquidor i divertit.<\/p>\n<p><a href=\"https:\/\/agora.xtec.cat\/ceip-santacreu-anglesola\/?p=6513&amp;preview=true\" target=\"_blank\" rel=\"noopener\"><img loading=\"lazy\" decoding=\"async\" class=\"alignnone\" src=\"https:\/\/web.ua.es\/va\/cau\/imagenes\/conversa-dibuix_medi.jpg\" alt=\"\" width=\"320\" height=\"314\" \/><\/a><\/p>\n","protected":false},"excerpt":{"rendered":"<p>Aquest dimarts ens ha fet una visita la referent de Benestar Emocional del Centre d&#8217;Atenci\u00f3 Prim\u00e0ria de T\u00e0rrega amb l&#8217;objectiu de conversar i reflexionar sobre el m\u00f3n de les decisions, les opcions, les influ\u00e8ncies, les informacions falses,.. aprendre a estar informats, a respectar, a dir&hellip;  <a href=\"https:\/\/agora.xtec.cat\/ceip-santacreu-anglesola\/general\/taller-jo-decideixo-5e\/\" title=\"Read TALLER: &#8220;JO DECIDEIXO&#8221; (5\u00e8)\">Llegeix m\u00e9s\u00bb<\/a><\/p>\n","protected":false},"author":1,"featured_media":6515,"comment_status":"open","ping_status":"closed","sticky":false,"template":"","format":"standard","meta":{"_bbp_topic_count":0,"_bbp_reply_count":0,"_bbp_total_topic_count":0,"_bbp_total_reply_count":0,"_bbp_voice_count":0,"_bbp_anonymous_reply_count":0,"_bbp_topic_count_hidden":0,"_bbp_reply_count_hidden":0,"_bbp_forum_subforum_count":0,"footnotes":""},"categories":[1,4],"tags":[],"class_list":["post-6511","post","type-post","status-publish","format-standard","has-post-thumbnail","hentry","category-general","category-portada"],"post_mailing_queue_ids":[],"_links":{"self":[{"href":"https:\/\/agora.xtec.cat\/ceip-santacreu-anglesola\/wp-json\/wp\/v2\/posts\/6511","targetHints":{"allow":["GET"]}}],"collection":[{"href":"https:\/\/agora.xtec.cat\/ceip-santacreu-anglesola\/wp-json\/wp\/v2\/posts"}],"about":[{"href":"https:\/\/agora.xtec.cat\/ceip-santacreu-anglesola\/wp-json\/wp\/v2\/types\/post"}],"author":[{"embeddable":true,"href":"https:\/\/agora.xtec.cat\/ceip-santacreu-anglesola\/wp-json\/wp\/v2\/users\/1"}],"replies":[{"embeddable":true,"href":"https:\/\/agora.xtec.cat\/ceip-santacreu-anglesola\/wp-json\/wp\/v2\/comments?post=6511"}],"version-history":[{"count":3,"href":"https:\/\/agora.xtec.cat\/ceip-santacreu-anglesola\/wp-json\/wp\/v2\/posts\/6511\/revisions"}],"predecessor-version":[{"id":6517,"href":"https:\/\/agora.xtec.cat\/ceip-santacreu-anglesola\/wp-json\/wp\/v2\/posts\/6511\/revisions\/6517"}],"wp:featuredmedia":[{"embeddable":true,"href":"https:\/\/agora.xtec.cat\/ceip-santacreu-anglesola\/wp-json\/wp\/v2\/media\/6515"}],"wp:attachment":[{"href":"https:\/\/agora.xtec.cat\/ceip-santacreu-anglesola\/wp-json\/wp\/v2\/media?parent=6511"}],"wp:term":[{"taxonomy":"category","embeddable":true,"href":"https:\/\/agora.xtec.cat\/ceip-santacreu-anglesola\/wp-json\/wp\/v2\/categories?post=6511"},{"taxonomy":"post_tag","embeddable":true,"href":"https:\/\/agora.xtec.cat\/ceip-santacreu-anglesola\/wp-json\/wp\/v2\/tags?post=6511"}],"curies":[{"name":"wp","href":"https:\/\/api.w.org\/{rel}","templated":true}]}}