{"id":6486,"date":"2023-12-13T12:31:57","date_gmt":"2023-12-13T11:31:57","guid":{"rendered":"https:\/\/agora.xtec.cat\/ceip-santacreu-anglesola\/?p=6486"},"modified":"2023-12-13T12:31:57","modified_gmt":"2023-12-13T11:31:57","slug":"articles-i-pagines-dinteres-per-aquestes-vacances","status":"publish","type":"post","link":"https:\/\/agora.xtec.cat\/ceip-santacreu-anglesola\/portada\/articles-i-pagines-dinteres-per-aquestes-vacances\/","title":{"rendered":"ARTICLES I P\u00c0GINES D&#8217;INTER\u00c8S PER AQUESTES VACANCES"},"content":{"rendered":"<p>Benvolgudes fam\u00edlies,<\/p>\n<p>ara que s&#8217;apropen les vacances de Nadal des de l&#8217;escola ens agradaria recomanar-vos tres enlla\u00e7os amb not\u00edcies i recursos que considerem que poden ser del vostre inter\u00e8s.<\/p>\n<p>El primer, \u00e9s un espai de recursos que ens ofereix el Departament d&#8217;Ensenyament. All\u00e0 trobareu recomanacions de llibres, consell per la compra de regals&#8230;<\/p>\n<h4 style=\"padding-left: 40px;\"><a href=\"https:\/\/educacio.gencat.cat\/ca\/arees-actuacio\/families\/recursos\/recomanacions\/temps-nadal\/\" target=\"_blank\" rel=\"noopener\"><strong>ENLLA\u00c7 1<\/strong><\/a><\/h4>\n<p>El segon, \u00e9s una not\u00edcia del diari Segre sobre tres alumnes de les comarques de Lleida que han estat distingides amb els Premis Extraordinaris de Batxillerat per la seva excel\u00b7l\u00e8ncia acad\u00e8mica. L&#8217;educaci\u00f3 \u00e9s un tema d&#8217;actualitat arran del debat que estan generant els resultats de Catalunya a les proves PISA. Per aix\u00f2, \u00e9s molt interessant llegir com han arribat a l&#8217;excel\u00b7l\u00e8ncia aquestes alumnes de les nostres contrades.<\/p>\n<h4 style=\"padding-left: 40px;\"><a href=\"https:\/\/www.segre.com\/ca\/lleida\/231209\/batxillers-excel-lents_276365.html\" target=\"_blank\" rel=\"noopener\"><strong>ENLLA\u00c7 2<\/strong><\/a><\/h4>\n<p>Finalment, el tercer enlla\u00e7 \u00e9s una p\u00e0gina amb recomanacions de llibres i c\u00f2mics per a infants de 6 a 12 anys:<\/p>\n<h4 style=\"padding-left: 40px;\"><a href=\"https:\/\/genius.diba.cat\/llibres\" target=\"_blank\" rel=\"noopener\"><strong>RECOMANACIONS DE LLIBRES<\/strong><\/a><\/h4>\n<h4 style=\"padding-left: 40px;\"><a href=\"https:\/\/genius.diba.cat\/comics\" target=\"_blank\" rel=\"noopener\"><strong>RECOMANACIONS DE C\u00d2MICS<\/strong><\/a><\/h4>\n<p>&nbsp;<\/p>\n<p>Esperem que gaudiu de les recomanacions i de les vacances amb els que m\u00e9s estimeu \ud83d\ude09<\/p>\n","protected":false},"excerpt":{"rendered":"<p>Benvolgudes fam\u00edlies,<br \/>\nara que s&#8217;apropen les vacances de Nadal des de l&#8217;escola ens agradaria recomanar-vos tres enlla\u00e7os amb not\u00edcies i recursos que considerem que poden ser del vostre inter\u00e8s.<br \/>\nEl primer, \u00e9s un espai de recursos que ens ofereix el Departament d&#8217;Ensenyament. All\u00e0 trobareu recomanacions de llibres,&hellip;  <a href=\"https:\/\/agora.xtec.cat\/ceip-santacreu-anglesola\/portada\/articles-i-pagines-dinteres-per-aquestes-vacances\/\" title=\"Read ARTICLES I P\u00c0GINES D&#8217;INTER\u00c8S PER AQUESTES VACANCES\">Llegeix m\u00e9s\u00bb<\/a><\/p>\n","protected":false},"author":11,"featured_media":0,"comment_status":"open","ping_status":"closed","sticky":false,"template":"","format":"standard","meta":{"_bbp_topic_count":0,"_bbp_reply_count":0,"_bbp_total_topic_count":0,"_bbp_total_reply_count":0,"_bbp_voice_count":0,"_bbp_anonymous_reply_count":0,"_bbp_topic_count_hidden":0,"_bbp_reply_count_hidden":0,"_bbp_forum_subforum_count":0,"footnotes":""},"categories":[54,4],"tags":[],"class_list":["post-6486","post","type-post","status-publish","format-standard","hentry","category-articles","category-portada"],"post_mailing_queue_ids":[],"_links":{"self":[{"href":"https:\/\/agora.xtec.cat\/ceip-santacreu-anglesola\/wp-json\/wp\/v2\/posts\/6486","targetHints":{"allow":["GET"]}}],"collection":[{"href":"https:\/\/agora.xtec.cat\/ceip-santacreu-anglesola\/wp-json\/wp\/v2\/posts"}],"about":[{"href":"https:\/\/agora.xtec.cat\/ceip-santacreu-anglesola\/wp-json\/wp\/v2\/types\/post"}],"author":[{"embeddable":true,"href":"https:\/\/agora.xtec.cat\/ceip-santacreu-anglesola\/wp-json\/wp\/v2\/users\/11"}],"replies":[{"embeddable":true,"href":"https:\/\/agora.xtec.cat\/ceip-santacreu-anglesola\/wp-json\/wp\/v2\/comments?post=6486"}],"version-history":[{"count":1,"href":"https:\/\/agora.xtec.cat\/ceip-santacreu-anglesola\/wp-json\/wp\/v2\/posts\/6486\/revisions"}],"predecessor-version":[{"id":6487,"href":"https:\/\/agora.xtec.cat\/ceip-santacreu-anglesola\/wp-json\/wp\/v2\/posts\/6486\/revisions\/6487"}],"wp:attachment":[{"href":"https:\/\/agora.xtec.cat\/ceip-santacreu-anglesola\/wp-json\/wp\/v2\/media?parent=6486"}],"wp:term":[{"taxonomy":"category","embeddable":true,"href":"https:\/\/agora.xtec.cat\/ceip-santacreu-anglesola\/wp-json\/wp\/v2\/categories?post=6486"},{"taxonomy":"post_tag","embeddable":true,"href":"https:\/\/agora.xtec.cat\/ceip-santacreu-anglesola\/wp-json\/wp\/v2\/tags?post=6486"}],"curies":[{"name":"wp","href":"https:\/\/api.w.org\/{rel}","templated":true}]}}