{"id":6475,"date":"2023-12-06T20:15:22","date_gmt":"2023-12-06T19:15:22","guid":{"rendered":"https:\/\/agora.xtec.cat\/ceip-santacreu-anglesola\/?p=6475"},"modified":"2023-12-06T20:15:22","modified_gmt":"2023-12-06T19:15:22","slug":"historia-de-la-musica-a-5e","status":"publish","type":"post","link":"https:\/\/agora.xtec.cat\/ceip-santacreu-anglesola\/portada\/historia-de-la-musica-a-5e\/","title":{"rendered":"Hist\u00f2ria de la m\u00fasica a 5\u00e8"},"content":{"rendered":"<p>Com portem fent des de fa 4 cursos, l&#8217;alumnat de 5\u00e8 ha treballat alguns dels compositors m\u00e9s destacats de la m\u00fasica cl\u00e0ssica. Cada infant s\u2019ha hagut de preparar un compositor i fer una exposici\u00f3 oral a classe. Tot l\u2019alumnat ha fet unes presentacions molt interessants.\u00a0 <span id=\"yui_3_17_2_1_1639333352507_1133\">Per\u00f2 tots els compositors presentats han estat\u00a0 homes, cap dona, perqu\u00e8 la col\u00b7lecci\u00f3 de llibres utilitzats per a fer el treball nom\u00e9s parla d\u2019alguns dels compositors m\u00e9s destacats de la m\u00fasica cl\u00e0ssica. I aix\u00f2 \u00e9s perqu\u00e8 les dones tamb\u00e9 van estar en un segon pla o silenciades en el m\u00f3n de la m\u00fasica durant molt temps, massa temps. De m\u00fasica coneguda com m\u00fasica cl\u00e0ssica tamb\u00e9 n\u2019 hi ha de compositores. En aquest article en teniu algunes. Per a veure les fotos de les exposicions, cliqueu a l\u2019enlla\u00e7 al final de l\u2019article.<\/span><\/p>\n<p>La compositora italiana Francesca Caccini (1587-probablement el 1640).<\/p>\n<p><a href=\"https:\/\/www.youtube.com\/watch?v=DmHhvpbxoNM\">https:\/\/www.youtube.com\/watch?v=DmHhvpbxoNM<\/a><\/p>\n<div class=\"mediaplugin mediaplugin_videojs d-block\">\n<div id=\"id_videojs_61b63de4c0199_19\" class=\"video-js vjs-paused vjs-fluid id_videojs_61b63de4c0199_19-dimensions vjs-controls-enabled vjs-workinghover vjs-v7 vjs-user-active vjs-youtube\" lang=\"ca\" tabindex=\"-1\" title=\"watch\" role=\"region\" data-setup-lazy=\"{&quot;techOrder&quot;: [&quot;youtube&quot;], &quot;sources&quot;: [{&quot;type&quot;: &quot;video\/youtube&quot;, &quot;src&quot;:&quot;https:\/\/www.youtube.com\/watch?v=DmHhvpbxoNM&quot;}], &quot;language&quot;: &quot;ca&quot;, &quot;fluid&quot;: true}\" aria-label=\"Video Player\">\n<p>La compositora alemanya Fanny Mendelssohn-Hensel (Hamburg 1805- Berl\u00edn 1847). Aqu\u00ed teniu la seva\u00a0<em>Obertura en Do Major<\/em><\/p>\n<p><a href=\"https:\/\/www.youtube.com\/watch?v=SX1-wNcrzsk\">https:\/\/www.youtube.com\/watch?v=SX1-wNcrzsk<\/a><\/p>\n<div class=\"mediaplugin mediaplugin_videojs d-block\">\n<div id=\"id_videojs_61b63de4c01f2_20\" class=\"video-js vjs-paused vjs-fluid id_videojs_61b63de4c01f2_20-dimensions vjs-controls-enabled vjs-workinghover vjs-v7 vjs-user-active vjs-youtube\" lang=\"ca\" tabindex=\"-1\" title=\"watch\" role=\"region\" data-setup-lazy=\"{&quot;techOrder&quot;: [&quot;youtube&quot;], &quot;sources&quot;: [{&quot;type&quot;: &quot;video\/youtube&quot;, &quot;src&quot;:&quot;https:\/\/www.youtube.com\/watch?v=SX1-wNcrzsk&quot;}], &quot;language&quot;: &quot;ca&quot;, &quot;fluid&quot;: true}\" aria-label=\"Video Player\">\n<div class=\"vjs-poster\" aria-disabled=\"false\"><\/div>\n<p>La pianista i compositora alemanya Clara Shumann (Leipzig 1819-Frankfurt 1896). Una obra preciosa seva \u00e9s el Nocturn op.6 n\u00fam.2:<\/p>\n<p><a href=\"https:\/\/www.youtube.com\/watch?v=fMlmJ94WcUs\">https:\/\/www.youtube.com\/watch?v=fMlmJ94WcUs<\/a><\/p>\n<div class=\"mediaplugin mediaplugin_videojs d-block\">\n<div id=\"id_videojs_61b63de4c0248_21\" class=\"video-js vjs-paused vjs-fluid id_videojs_61b63de4c0248_21-dimensions vjs-controls-enabled vjs-workinghover vjs-v7 vjs-user-active vjs-youtube\" lang=\"ca\" tabindex=\"-1\" title=\"watch\" role=\"region\" data-setup-lazy=\"{&quot;techOrder&quot;: [&quot;youtube&quot;], &quot;sources&quot;: [{&quot;type&quot;: &quot;video\/youtube&quot;, &quot;src&quot;:&quot;https:\/\/www.youtube.com\/watch?v=fMlmJ94WcUs&quot;}], &quot;language&quot;: &quot;ca&quot;, &quot;fluid&quot;: true}\" aria-label=\"Video Player\">\n<p>La compositora francesa C\u00e9cile Chaminade (Par\u00eds 1857-Montecarlo 1944). Aqu\u00ed teniu el Concertino per flauta op.107<\/p>\n<p><a href=\"https:\/\/www.youtube.com\/watch?v=rAQuc-TU5-Y\">https:\/\/www.youtube.com\/watch?v=rAQuc-TU5-Y<\/a><\/p>\n<\/div>\n<\/div>\n<\/div>\n<\/div>\n<\/div>\n<\/div>\n<p><a href=\"https:\/\/agora.xtec.cat\/ceip-santacreu-anglesola\/?p=6479&amp;preview=true\"><img loading=\"lazy\" decoding=\"async\" class=\"alignnone\" src=\"https:\/\/media.es.wired.com\/photos\/6442dda9a566376ee967ba15\/16:9\/w_2560%2Cc_limit\/The-Sludgification-Of-Music-Business-503493283.jpg\" alt=\"C\u00f3mo la era del 'streaming' convirti\u00f3 la m\u00fasica en ruido de fondo | WIRED\" width=\"258\" height=\"145\" \/><\/a><\/p>\n","protected":false},"excerpt":{"rendered":"<p>Com portem fent des de fa 4 cursos, l&#8217;alumnat de 5\u00e8 ha treballat alguns dels compositors m\u00e9s destacats de la m\u00fasica cl\u00e0ssica. Cada infant s\u2019ha hagut de preparar un compositor i fer una exposici\u00f3 oral a classe. Tot l\u2019alumnat ha fet unes presentacions molt interessants.\u00a0&hellip;  <a href=\"https:\/\/agora.xtec.cat\/ceip-santacreu-anglesola\/portada\/historia-de-la-musica-a-5e\/\" title=\"Read Hist\u00f2ria de la m\u00fasica a 5\u00e8\">Llegeix m\u00e9s\u00bb<\/a><\/p>\n","protected":false},"author":3,"featured_media":6485,"comment_status":"open","ping_status":"closed","sticky":false,"template":"","format":"standard","meta":{"_bbp_topic_count":0,"_bbp_reply_count":0,"_bbp_total_topic_count":0,"_bbp_total_reply_count":0,"_bbp_voice_count":0,"_bbp_anonymous_reply_count":0,"_bbp_topic_count_hidden":0,"_bbp_reply_count_hidden":0,"_bbp_forum_subforum_count":0,"footnotes":""},"categories":[14,4],"tags":[],"class_list":["post-6475","post","type-post","status-publish","format-standard","has-post-thumbnail","hentry","category-5e","category-portada"],"post_mailing_queue_ids":[],"_links":{"self":[{"href":"https:\/\/agora.xtec.cat\/ceip-santacreu-anglesola\/wp-json\/wp\/v2\/posts\/6475","targetHints":{"allow":["GET"]}}],"collection":[{"href":"https:\/\/agora.xtec.cat\/ceip-santacreu-anglesola\/wp-json\/wp\/v2\/posts"}],"about":[{"href":"https:\/\/agora.xtec.cat\/ceip-santacreu-anglesola\/wp-json\/wp\/v2\/types\/post"}],"author":[{"embeddable":true,"href":"https:\/\/agora.xtec.cat\/ceip-santacreu-anglesola\/wp-json\/wp\/v2\/users\/3"}],"replies":[{"embeddable":true,"href":"https:\/\/agora.xtec.cat\/ceip-santacreu-anglesola\/wp-json\/wp\/v2\/comments?post=6475"}],"version-history":[{"count":6,"href":"https:\/\/agora.xtec.cat\/ceip-santacreu-anglesola\/wp-json\/wp\/v2\/posts\/6475\/revisions"}],"predecessor-version":[{"id":6484,"href":"https:\/\/agora.xtec.cat\/ceip-santacreu-anglesola\/wp-json\/wp\/v2\/posts\/6475\/revisions\/6484"}],"wp:featuredmedia":[{"embeddable":true,"href":"https:\/\/agora.xtec.cat\/ceip-santacreu-anglesola\/wp-json\/wp\/v2\/media\/6485"}],"wp:attachment":[{"href":"https:\/\/agora.xtec.cat\/ceip-santacreu-anglesola\/wp-json\/wp\/v2\/media?parent=6475"}],"wp:term":[{"taxonomy":"category","embeddable":true,"href":"https:\/\/agora.xtec.cat\/ceip-santacreu-anglesola\/wp-json\/wp\/v2\/categories?post=6475"},{"taxonomy":"post_tag","embeddable":true,"href":"https:\/\/agora.xtec.cat\/ceip-santacreu-anglesola\/wp-json\/wp\/v2\/tags?post=6475"}],"curies":[{"name":"wp","href":"https:\/\/api.w.org\/{rel}","templated":true}]}}