{"id":6460,"date":"2023-11-29T22:17:21","date_gmt":"2023-11-29T21:17:21","guid":{"rendered":"https:\/\/agora.xtec.cat\/ceip-santacreu-anglesola\/?p=6460"},"modified":"2023-11-30T12:54:44","modified_gmt":"2023-11-30T11:54:44","slug":"nens-i-nenes-hiperregalats","status":"publish","type":"post","link":"https:\/\/agora.xtec.cat\/ceip-santacreu-anglesola\/portada\/nens-i-nenes-hiperregalats\/","title":{"rendered":"NENS I NENES HIPERREGALATS"},"content":{"rendered":"<p>Benvolgudes fam\u00edlies,<\/p>\n<p>ara que s&#8217;apropen les festes de Nadal amb el Ti\u00f3, reis mags&#8230;ens agradaria compartir un article sobre el <strong>s\u00edndrome del nen hiperregalat<\/strong> que us pot interessar molt i us aportar\u00e0 unes orientacions per afrontar la gesti\u00f3 de l&#8217;arribada dels regals entre els nostres infants.<\/p>\n<p><a href=\"https:\/\/faros.hsjdbcn.org\/ca\/articulo\/com-evitar-sindrome-nen-hiperregalat-proper-nadal\" target=\"_blank\" rel=\"noopener\"><strong>EL S\u00cdNDROME DEL NEN HIPERREGALAT<\/strong><\/a><\/p>\n<p><img loading=\"lazy\" decoding=\"async\" class=\"aligncenter size-full wp-image-6461\" src=\"https:\/\/agora.xtec.cat\/ceip-santacreu-anglesola\/wp-content\/uploads\/usu483\/2023\/11\/1-1.jpg\" alt=\"\" width=\"286\" height=\"176\" \/><\/p>\n","protected":false},"excerpt":{"rendered":"<p>Benvolgudes fam\u00edlies,<br \/>\nara que s&#8217;apropen les festes de Nadal amb el Ti\u00f3, reis mags&#8230;ens agradaria compartir un article sobre el s\u00edndrome del nen hiperregalat que us pot interessar molt i us aportar\u00e0 unes orientacions per afrontar la gesti\u00f3 de l&#8217;arribada dels regals entre els nostres infants.<br \/>\n<a&hellip;  <a href=\"https:\/\/agora.xtec.cat\/ceip-santacreu-anglesola\/portada\/nens-i-nenes-hiperregalats\/\" title=\"Read NENS I NENES HIPERREGALATS\">Llegeix m\u00e9s\u00bb<\/a><\/p>\n","protected":false},"author":11,"featured_media":0,"comment_status":"open","ping_status":"closed","sticky":false,"template":"","format":"standard","meta":{"_bbp_topic_count":0,"_bbp_reply_count":0,"_bbp_total_topic_count":0,"_bbp_total_reply_count":0,"_bbp_voice_count":0,"_bbp_anonymous_reply_count":0,"_bbp_topic_count_hidden":0,"_bbp_reply_count_hidden":0,"_bbp_forum_subforum_count":0,"footnotes":""},"categories":[54,4],"tags":[],"class_list":["post-6460","post","type-post","status-publish","format-standard","hentry","category-articles","category-portada"],"post_mailing_queue_ids":[],"_links":{"self":[{"href":"https:\/\/agora.xtec.cat\/ceip-santacreu-anglesola\/wp-json\/wp\/v2\/posts\/6460","targetHints":{"allow":["GET"]}}],"collection":[{"href":"https:\/\/agora.xtec.cat\/ceip-santacreu-anglesola\/wp-json\/wp\/v2\/posts"}],"about":[{"href":"https:\/\/agora.xtec.cat\/ceip-santacreu-anglesola\/wp-json\/wp\/v2\/types\/post"}],"author":[{"embeddable":true,"href":"https:\/\/agora.xtec.cat\/ceip-santacreu-anglesola\/wp-json\/wp\/v2\/users\/11"}],"replies":[{"embeddable":true,"href":"https:\/\/agora.xtec.cat\/ceip-santacreu-anglesola\/wp-json\/wp\/v2\/comments?post=6460"}],"version-history":[{"count":1,"href":"https:\/\/agora.xtec.cat\/ceip-santacreu-anglesola\/wp-json\/wp\/v2\/posts\/6460\/revisions"}],"predecessor-version":[{"id":6462,"href":"https:\/\/agora.xtec.cat\/ceip-santacreu-anglesola\/wp-json\/wp\/v2\/posts\/6460\/revisions\/6462"}],"wp:attachment":[{"href":"https:\/\/agora.xtec.cat\/ceip-santacreu-anglesola\/wp-json\/wp\/v2\/media?parent=6460"}],"wp:term":[{"taxonomy":"category","embeddable":true,"href":"https:\/\/agora.xtec.cat\/ceip-santacreu-anglesola\/wp-json\/wp\/v2\/categories?post=6460"},{"taxonomy":"post_tag","embeddable":true,"href":"https:\/\/agora.xtec.cat\/ceip-santacreu-anglesola\/wp-json\/wp\/v2\/tags?post=6460"}],"curies":[{"name":"wp","href":"https:\/\/api.w.org\/{rel}","templated":true}]}}