{"id":6445,"date":"2023-11-28T09:41:21","date_gmt":"2023-11-28T08:41:21","guid":{"rendered":"https:\/\/agora.xtec.cat\/ceip-santacreu-anglesola\/?p=6445"},"modified":"2023-11-28T14:54:19","modified_gmt":"2023-11-28T13:54:19","slug":"exposicio-treballs-de-tardor-curs-2023-24","status":"publish","type":"post","link":"https:\/\/agora.xtec.cat\/ceip-santacreu-anglesola\/general\/exposicio-treballs-de-tardor-curs-2023-24\/","title":{"rendered":"Exposici\u00f3 Treballs de Tardor Curs 2023-24"},"content":{"rendered":"<p>Hola fam\u00edlies,<\/p>\n<p>com ja \u00e9s tradici\u00f3, a la nostra escola esperem l&#8217;arribada de la tardor amb moltes ganes, tot i que aquest any l&#8217;estiu s&#8217;ha allargat m\u00e9s del compte i la tardor ha arribat una mica m\u00e9s tard.<\/p>\n<p>Cada curs,\u00a0 treballem les caracter\u00edstiques d&#8217;aquesta estaci\u00f3:\u00a0 els colors amb que es vesteixen els paisatges, els fruits que collim, els canvis de temps, preparem la roba que abrigui una mica, etc.<\/p>\n<p>A partir d&#8217;aquests aprenentatges, aprofitem per treballar amb les fam\u00edlies, i des de casa ens arriben unes manualitats fetes amb molt d&#8217;afecte, fruits i fulles de tardor i alguns materials reciclats.<\/p>\n<p>Amb la presentaci\u00f3 d&#8217;aquests treballs a l&#8217;aula els i les alumnes poden explicar com ha sigut el proc\u00e9s de creaci\u00f3 de la seva manualitat, com va sorgir la idea, on van aconseguir els materials, com la van elaborar&#8230;<\/p>\n<p>A continuaci\u00f3 compartim amb vosaltres l&#8217;exposici\u00f3 que han creat els alumnes dels diferents nivells de l&#8217;escola.<\/p>\n<p>Esperem que us agradin tant com a nosaltres, moltes gr\u00e0cies per la vostra participaci\u00f3!<\/p>\n<p>&nbsp;<\/p>\n<p>Feu clic a la imatge per veure el v\u00eddeo:<\/p>\n<p>&nbsp;<\/p>\n<p><a href=\"https:\/\/youtu.be\/p5rPDDqqNvU\"><img loading=\"lazy\" decoding=\"async\" class=\"size-full wp-image-6447 aligncenter\" src=\"https:\/\/agora.xtec.cat\/ceip-santacreu-anglesola\/wp-content\/uploads\/usu483\/2023\/11\/079bc6d4ed45c39225742975bde98b21.jpg\" alt=\"\" width=\"736\" height=\"342\" srcset=\"https:\/\/agora.xtec.cat\/ceip-santacreu-anglesola\/wp-content\/uploads\/usu483\/2023\/11\/079bc6d4ed45c39225742975bde98b21.jpg 736w, https:\/\/agora.xtec.cat\/ceip-santacreu-anglesola\/wp-content\/uploads\/usu483\/2023\/11\/079bc6d4ed45c39225742975bde98b21-300x139.jpg 300w\" sizes=\"auto, (max-width: 736px) 100vw, 736px\" \/><\/a><\/p>\n<p>&nbsp;<\/p>\n<p>&nbsp;<\/p>\n","protected":false},"excerpt":{"rendered":"<p>Hola fam\u00edlies,<br \/>\ncom ja \u00e9s tradici\u00f3, a la nostra escola esperem l&#8217;arribada de la tardor amb moltes ganes, tot i que aquest any l&#8217;estiu s&#8217;ha allargat m\u00e9s del compte i la tardor ha arribat una mica m\u00e9s tard.<br \/>\nCada curs,\u00a0 treballem les caracter\u00edstiques d&#8217;aquesta estaci\u00f3:\u00a0 els colors&hellip;  <a href=\"https:\/\/agora.xtec.cat\/ceip-santacreu-anglesola\/general\/exposicio-treballs-de-tardor-curs-2023-24\/\" title=\"Read Exposici\u00f3 Treballs de Tardor Curs 2023-24\">Llegeix m\u00e9s\u00bb<\/a><\/p>\n","protected":false},"author":1,"featured_media":6449,"comment_status":"open","ping_status":"closed","sticky":false,"template":"","format":"standard","meta":{"_bbp_topic_count":0,"_bbp_reply_count":0,"_bbp_total_topic_count":0,"_bbp_total_reply_count":0,"_bbp_voice_count":0,"_bbp_anonymous_reply_count":0,"_bbp_topic_count_hidden":0,"_bbp_reply_count_hidden":0,"_bbp_forum_subforum_count":0,"footnotes":""},"categories":[1,4],"tags":[],"class_list":["post-6445","post","type-post","status-publish","format-standard","has-post-thumbnail","hentry","category-general","category-portada"],"post_mailing_queue_ids":[],"_links":{"self":[{"href":"https:\/\/agora.xtec.cat\/ceip-santacreu-anglesola\/wp-json\/wp\/v2\/posts\/6445","targetHints":{"allow":["GET"]}}],"collection":[{"href":"https:\/\/agora.xtec.cat\/ceip-santacreu-anglesola\/wp-json\/wp\/v2\/posts"}],"about":[{"href":"https:\/\/agora.xtec.cat\/ceip-santacreu-anglesola\/wp-json\/wp\/v2\/types\/post"}],"author":[{"embeddable":true,"href":"https:\/\/agora.xtec.cat\/ceip-santacreu-anglesola\/wp-json\/wp\/v2\/users\/1"}],"replies":[{"embeddable":true,"href":"https:\/\/agora.xtec.cat\/ceip-santacreu-anglesola\/wp-json\/wp\/v2\/comments?post=6445"}],"version-history":[{"count":5,"href":"https:\/\/agora.xtec.cat\/ceip-santacreu-anglesola\/wp-json\/wp\/v2\/posts\/6445\/revisions"}],"predecessor-version":[{"id":6452,"href":"https:\/\/agora.xtec.cat\/ceip-santacreu-anglesola\/wp-json\/wp\/v2\/posts\/6445\/revisions\/6452"}],"wp:featuredmedia":[{"embeddable":true,"href":"https:\/\/agora.xtec.cat\/ceip-santacreu-anglesola\/wp-json\/wp\/v2\/media\/6449"}],"wp:attachment":[{"href":"https:\/\/agora.xtec.cat\/ceip-santacreu-anglesola\/wp-json\/wp\/v2\/media?parent=6445"}],"wp:term":[{"taxonomy":"category","embeddable":true,"href":"https:\/\/agora.xtec.cat\/ceip-santacreu-anglesola\/wp-json\/wp\/v2\/categories?post=6445"},{"taxonomy":"post_tag","embeddable":true,"href":"https:\/\/agora.xtec.cat\/ceip-santacreu-anglesola\/wp-json\/wp\/v2\/tags?post=6445"}],"curies":[{"name":"wp","href":"https:\/\/api.w.org\/{rel}","templated":true}]}}