{"id":6437,"date":"2023-11-24T14:17:42","date_gmt":"2023-11-24T13:17:42","guid":{"rendered":"https:\/\/agora.xtec.cat\/ceip-santacreu-anglesola\/?p=6437"},"modified":"2023-11-24T14:26:47","modified_gmt":"2023-11-24T13:26:47","slug":"els-alumnes-de-cicle-mitja-plantem-a-lhort","status":"publish","type":"post","link":"https:\/\/agora.xtec.cat\/ceip-santacreu-anglesola\/general\/els-alumnes-de-cicle-mitja-plantem-a-lhort\/","title":{"rendered":"ELS ALUMNES DE CICLE MITJ\u00c0 PLANTEM A L&#8217;HORT"},"content":{"rendered":"<p style=\"margin: 0cm; margin-bottom: .0001pt; line-height: 150%; background: white;\"><span lang=\"CA\" style=\"font-family: 'Arial','sans-serif';\">Aquest mes de novembre, els alumnes de cicle mitj\u00e0 hem plantat diferents plantes arom\u00e0tiques i hortalisses a l\u2019hort de l\u2019escola.<\/span><\/p>\n<p style=\"margin: 0cm; margin-bottom: .0001pt; line-height: 150%; background: white;\"><span lang=\"CA\" style=\"font-family: 'Arial','sans-serif';\">\u00a0<\/span><\/p>\n<p style=\"margin: 0cm; margin-bottom: .0001pt; line-height: 150%; background: white;\"><span lang=\"CA\" style=\"font-family: 'Arial','sans-serif';\">Aprofitem aquesta activitat per treballar diversos aspectes: la sostenibilitat, la biodiversitat, el cicle de les plantes, la intervenci\u00f3 humana sobre el medi i fomentar el treball cooperatiu.<\/span><\/p>\n<p style=\"margin: 0cm; margin-bottom: .0001pt; line-height: 150%; background: white;\"><span lang=\"CA\" style=\"font-family: 'Arial','sans-serif';\">\u00a0<\/span><\/p>\n<p style=\"margin: 0cm; margin-bottom: .0001pt; line-height: 150%; background: white;\"><span lang=\"CA\" style=\"font-family: 'Arial','sans-serif';\">Els alumnes vam participar en diferents tasques de l\u2019hort.\u00a0 <\/span><span lang=\"CA\" style=\"font-family: 'Arial','sans-serif';\">Primer vam agafar les eines per remoure i barrejar la terra dels palots. Seguidament, vam plantar arom\u00e0tiques (julivert, s\u00e0lvia, menta, tim\u00f3, roman\u00ed i esp\u00edgol). La setmana seg\u00fcent vam plantar les hortalisses (escaroles, bledes, raves, porros i alls). Tamb\u00e9 vam sembrar llavors d\u2019espinacs i pastanagues. Finalment el vam regar.<\/span><\/p>\n<p style=\"margin: 0cm; margin-bottom: .0001pt; line-height: 150%; background: white;\"><span lang=\"CA\" style=\"font-family: 'Arial','sans-serif';\">\u00a0<\/span><\/p>\n<p style=\"margin: 0cm; margin-bottom: .0001pt; line-height: 150%; background: white;\"><span lang=\"CA\" style=\"font-family: 'Arial','sans-serif';\">Ens va agradar molt participar d\u2019aquesta tasca.<\/span><\/p>\n<p style=\"margin: 0cm; margin-bottom: .0001pt; line-height: 150%; background: white;\"><span lang=\"CA\" style=\"font-family: 'Arial','sans-serif';\">\u00a0<\/span><\/p>\n<p style=\"margin: 0cm; margin-bottom: .0001pt; line-height: 150%; background: white;\"><span lang=\"CA\" style=\"font-family: 'Arial','sans-serif';\">Ara, ens toca ser responsables i tenir cura de les plantes fins a l\u2019\u00e8poca de la recol\u00b7lecci\u00f3.<\/span><\/p>\n<p>&nbsp;<\/p>\n<p style=\"margin: 0cm; margin-bottom: .0001pt; line-height: 150%; background: white;\"><span lang=\"CA\" style=\"font-family: 'Arial','sans-serif';\">\u00a0<\/span><\/p>\n<p style=\"margin: 0cm; margin-bottom: .0001pt; line-height: 150%; background: white;\"><span lang=\"CA\" style=\"font-family: 'Arial','sans-serif';\">Cliqueu la imatge per veure les fotografies:<\/span><\/p>\n<p>&nbsp;<\/p>\n<p><a href=\"https:\/\/agora.xtec.cat\/ceip-santacreu-anglesola\/?p=6440&amp;preview=true\" target=\"_blank\" rel=\"noopener\"><img loading=\"lazy\" decoding=\"async\" class=\"alignnone wp-image-6438 size-full\" src=\"https:\/\/agora.xtec.cat\/ceip-santacreu-anglesola\/wp-content\/uploads\/usu483\/2023\/11\/baixa.jpg\" alt=\"\" width=\"225\" height=\"225\" \/><\/a><\/p>\n","protected":false},"excerpt":{"rendered":"<p>Aquest mes de novembre, els alumnes de cicle mitj\u00e0 hem plantat diferents plantes arom\u00e0tiques i hortalisses a l\u2019hort de l\u2019escola.<br \/>\n\u00a0<br \/>\nAprofitem aquesta activitat per treballar diversos aspectes: la sostenibilitat, la biodiversitat, el cicle de les plantes, la intervenci\u00f3 humana sobre el medi i fomentar el treball&hellip;  <a href=\"https:\/\/agora.xtec.cat\/ceip-santacreu-anglesola\/general\/els-alumnes-de-cicle-mitja-plantem-a-lhort\/\" title=\"Read ELS ALUMNES DE CICLE MITJ\u00c0 PLANTEM A L&#8217;HORT\">Llegeix m\u00e9s\u00bb<\/a><\/p>\n","protected":false},"author":1,"featured_media":6444,"comment_status":"closed","ping_status":"closed","sticky":false,"template":"","format":"standard","meta":{"_bbp_topic_count":0,"_bbp_reply_count":0,"_bbp_total_topic_count":0,"_bbp_total_reply_count":0,"_bbp_voice_count":0,"_bbp_anonymous_reply_count":0,"_bbp_topic_count_hidden":0,"_bbp_reply_count_hidden":0,"_bbp_forum_subforum_count":0,"footnotes":""},"categories":[1,4],"tags":[],"class_list":["post-6437","post","type-post","status-publish","format-standard","has-post-thumbnail","hentry","category-general","category-portada"],"post_mailing_queue_ids":[],"_links":{"self":[{"href":"https:\/\/agora.xtec.cat\/ceip-santacreu-anglesola\/wp-json\/wp\/v2\/posts\/6437","targetHints":{"allow":["GET"]}}],"collection":[{"href":"https:\/\/agora.xtec.cat\/ceip-santacreu-anglesola\/wp-json\/wp\/v2\/posts"}],"about":[{"href":"https:\/\/agora.xtec.cat\/ceip-santacreu-anglesola\/wp-json\/wp\/v2\/types\/post"}],"author":[{"embeddable":true,"href":"https:\/\/agora.xtec.cat\/ceip-santacreu-anglesola\/wp-json\/wp\/v2\/users\/1"}],"replies":[{"embeddable":true,"href":"https:\/\/agora.xtec.cat\/ceip-santacreu-anglesola\/wp-json\/wp\/v2\/comments?post=6437"}],"version-history":[{"count":2,"href":"https:\/\/agora.xtec.cat\/ceip-santacreu-anglesola\/wp-json\/wp\/v2\/posts\/6437\/revisions"}],"predecessor-version":[{"id":6442,"href":"https:\/\/agora.xtec.cat\/ceip-santacreu-anglesola\/wp-json\/wp\/v2\/posts\/6437\/revisions\/6442"}],"wp:featuredmedia":[{"embeddable":true,"href":"https:\/\/agora.xtec.cat\/ceip-santacreu-anglesola\/wp-json\/wp\/v2\/media\/6444"}],"wp:attachment":[{"href":"https:\/\/agora.xtec.cat\/ceip-santacreu-anglesola\/wp-json\/wp\/v2\/media?parent=6437"}],"wp:term":[{"taxonomy":"category","embeddable":true,"href":"https:\/\/agora.xtec.cat\/ceip-santacreu-anglesola\/wp-json\/wp\/v2\/categories?post=6437"},{"taxonomy":"post_tag","embeddable":true,"href":"https:\/\/agora.xtec.cat\/ceip-santacreu-anglesola\/wp-json\/wp\/v2\/tags?post=6437"}],"curies":[{"name":"wp","href":"https:\/\/api.w.org\/{rel}","templated":true}]}}