{"id":6413,"date":"2023-11-10T13:51:38","date_gmt":"2023-11-10T12:51:38","guid":{"rendered":"https:\/\/agora.xtec.cat\/ceip-santacreu-anglesola\/?p=6413"},"modified":"2023-11-10T14:08:47","modified_gmt":"2023-11-10T13:08:47","slug":"taller-de-respecte-a-cicle-mitja-a-carrec-dels-mossos-desquadra","status":"publish","type":"post","link":"https:\/\/agora.xtec.cat\/ceip-santacreu-anglesola\/general\/taller-de-respecte-a-cicle-mitja-a-carrec-dels-mossos-desquadra\/","title":{"rendered":"TALLER DE RESPECTE A CICLE MITJ\u00c0 A C\u00c0RREC DELS MOSSOS D\u2019ESQUADRA."},"content":{"rendered":"<p>EL dia 9 de novembre, l\u2019alumnat de Cicle Mitj\u00e0 vam rebre la visita de l\u2019Encarna, una mossa d\u2019esquadra que ens va realitzar un taller molt interessant sobre el respecte.<\/p>\n<p>Vam reflexionar molt i vam veure que, sobretot quan \u00e9rem m\u00e9s petits i petites, alguna vegada, hav\u00edem fet sentir malament a un company o companya i sabem que no ho hem de fer, ja que som\u00a0 diferents, per\u00f2 tots i totes som persones i tenim els mateixos drets, a tots ens agrada que ens tractin b\u00e9!!<\/p>\n<p>Tamb\u00e9 ens va explicar la figura de lider negatiu, i qu\u00e8 cal fer si ens trobem amb alguna situaci\u00f3 de manca de respecte continuat cap a un company o companya. Sempre cal que ho parlem amb una persona adulta, ja que si ens ho callem, \u00e9s com si nosaltres tamb\u00e9 li falt\u00e9ssim al respecte, i \u00e9s clar, haurem d\u2019acceptar les possibles conseq\u00fc\u00e8ncies !!!!<\/p>\n<p>Va ser una activitat que ens va fer reflexionar i ens ser\u00e0 molt \u00fatil pel nostre dia a dia.<\/p>\n<p>&nbsp;<\/p>\n<p>Clica a la imatge per a poder veure les fotografies.<\/p>\n<p><a href=\"https:\/\/agora.xtec.cat\/ceip-santacreu-anglesola\/general\/taller-de-respecte-a-cicle-mitja-a-carrec-dels-mossos-desquadra-protegit\/\" target=\"_blank\" rel=\"noopener\"><img loading=\"lazy\" decoding=\"async\" class=\"alignnone wp-image-6414 size-medium\" src=\"https:\/\/agora.xtec.cat\/ceip-santacreu-anglesola\/wp-content\/uploads\/usu483\/2023\/11\/respecte-300x196.png\" alt=\"\" width=\"300\" height=\"196\" srcset=\"https:\/\/agora.xtec.cat\/ceip-santacreu-anglesola\/wp-content\/uploads\/usu483\/2023\/11\/respecte-300x196.png 300w, https:\/\/agora.xtec.cat\/ceip-santacreu-anglesola\/wp-content\/uploads\/usu483\/2023\/11\/respecte-1024x670.png 1024w, https:\/\/agora.xtec.cat\/ceip-santacreu-anglesola\/wp-content\/uploads\/usu483\/2023\/11\/respecte-768x503.png 768w, https:\/\/agora.xtec.cat\/ceip-santacreu-anglesola\/wp-content\/uploads\/usu483\/2023\/11\/respecte-1536x1005.png 1536w, https:\/\/agora.xtec.cat\/ceip-santacreu-anglesola\/wp-content\/uploads\/usu483\/2023\/11\/respecte-2048x1340.png 2048w\" sizes=\"auto, (max-width: 300px) 100vw, 300px\" \/><\/a><\/p>\n","protected":false},"excerpt":{"rendered":"<p>EL dia 9 de novembre, l\u2019alumnat de Cicle Mitj\u00e0 vam rebre la visita de l\u2019Encarna, una mossa d\u2019esquadra que ens va realitzar un taller molt interessant sobre el respecte.<br \/>\nVam reflexionar molt i vam veure que, sobretot quan \u00e9rem m\u00e9s petits i petites, alguna vegada, hav\u00edem&hellip;  <a href=\"https:\/\/agora.xtec.cat\/ceip-santacreu-anglesola\/general\/taller-de-respecte-a-cicle-mitja-a-carrec-dels-mossos-desquadra\/\" title=\"Read TALLER DE RESPECTE A CICLE MITJ\u00c0 A C\u00c0RREC DELS MOSSOS D\u2019ESQUADRA.\">Llegeix m\u00e9s\u00bb<\/a><\/p>\n","protected":false},"author":1,"featured_media":6414,"comment_status":"closed","ping_status":"closed","sticky":false,"template":"","format":"standard","meta":{"_bbp_topic_count":0,"_bbp_reply_count":0,"_bbp_total_topic_count":0,"_bbp_total_reply_count":0,"_bbp_voice_count":0,"_bbp_anonymous_reply_count":0,"_bbp_topic_count_hidden":0,"_bbp_reply_count_hidden":0,"_bbp_forum_subforum_count":0,"footnotes":""},"categories":[1,4],"tags":[],"class_list":["post-6413","post","type-post","status-publish","format-standard","has-post-thumbnail","hentry","category-general","category-portada"],"post_mailing_queue_ids":[],"_links":{"self":[{"href":"https:\/\/agora.xtec.cat\/ceip-santacreu-anglesola\/wp-json\/wp\/v2\/posts\/6413","targetHints":{"allow":["GET"]}}],"collection":[{"href":"https:\/\/agora.xtec.cat\/ceip-santacreu-anglesola\/wp-json\/wp\/v2\/posts"}],"about":[{"href":"https:\/\/agora.xtec.cat\/ceip-santacreu-anglesola\/wp-json\/wp\/v2\/types\/post"}],"author":[{"embeddable":true,"href":"https:\/\/agora.xtec.cat\/ceip-santacreu-anglesola\/wp-json\/wp\/v2\/users\/1"}],"replies":[{"embeddable":true,"href":"https:\/\/agora.xtec.cat\/ceip-santacreu-anglesola\/wp-json\/wp\/v2\/comments?post=6413"}],"version-history":[{"count":6,"href":"https:\/\/agora.xtec.cat\/ceip-santacreu-anglesola\/wp-json\/wp\/v2\/posts\/6413\/revisions"}],"predecessor-version":[{"id":6426,"href":"https:\/\/agora.xtec.cat\/ceip-santacreu-anglesola\/wp-json\/wp\/v2\/posts\/6413\/revisions\/6426"}],"wp:featuredmedia":[{"embeddable":true,"href":"https:\/\/agora.xtec.cat\/ceip-santacreu-anglesola\/wp-json\/wp\/v2\/media\/6414"}],"wp:attachment":[{"href":"https:\/\/agora.xtec.cat\/ceip-santacreu-anglesola\/wp-json\/wp\/v2\/media?parent=6413"}],"wp:term":[{"taxonomy":"category","embeddable":true,"href":"https:\/\/agora.xtec.cat\/ceip-santacreu-anglesola\/wp-json\/wp\/v2\/categories?post=6413"},{"taxonomy":"post_tag","embeddable":true,"href":"https:\/\/agora.xtec.cat\/ceip-santacreu-anglesola\/wp-json\/wp\/v2\/tags?post=6413"}],"curies":[{"name":"wp","href":"https:\/\/api.w.org\/{rel}","templated":true}]}}