{"id":6394,"date":"2023-11-09T17:04:05","date_gmt":"2023-11-09T16:04:05","guid":{"rendered":"https:\/\/agora.xtec.cat\/ceip-santacreu-anglesola\/?p=6394"},"modified":"2023-11-09T17:11:14","modified_gmt":"2023-11-09T16:11:14","slug":"volcans-a-5e","status":"publish","type":"post","link":"https:\/\/agora.xtec.cat\/ceip-santacreu-anglesola\/general\/volcans-a-5e\/","title":{"rendered":"VOLCANS A 5\u00e8"},"content":{"rendered":"<p>L&#8217;alumnat de cinqu\u00e8 est\u00e0 treballant dins de l&#8217;\u00e0rea de medi social aspectes relacionats amb el relleu: la geosfera, les plaques litosf\u00e8riques, com es formen les muntanyes, la orografia, els agents interns i externs que poden transformar el paisatge,.. i un d&#8217;aquests elements s\u00f3n els volcans.<\/p>\n<p>Amb els ingredients i materials necessaris es va simular un volc\u00e0, de fet se&#8217;n varen simular quatre ja que es va treballar en grups.<\/p>\n<p>Va ser una activitat cient\u00edfica, ja que es van elaborar hip\u00f2tesis, les quals es van anar comprovant fins a arribar a les conclusions.<\/p>\n<p>Clica a la imatge per a veure les fotografies i el v\u00eddeo final.<\/p>\n<p><a href=\"https:\/\/agora.xtec.cat\/ceip-santacreu-anglesola\/general\/volcans-a-5e-protegit\/\" target=\"_blank\" rel=\"noopener\"><img loading=\"lazy\" decoding=\"async\" class=\"alignnone wp-image-6397 size-full\" src=\"https:\/\/agora.xtec.cat\/ceip-santacreu-anglesola\/wp-content\/uploads\/usu483\/2023\/11\/Sin-titulo.png\" alt=\"\" width=\"298\" height=\"166\" \/><\/a><\/p>\n<p>&nbsp;<\/p>\n","protected":false},"excerpt":{"rendered":"<p>L&#8217;alumnat de cinqu\u00e8 est\u00e0 treballant dins de l&#8217;\u00e0rea de medi social aspectes relacionats amb el relleu: la geosfera, les plaques litosf\u00e8riques, com es formen les muntanyes, la orografia, els agents interns i externs que poden transformar el paisatge,.. i un d&#8217;aquests elements s\u00f3n els volcans.<br \/>\nAmb&hellip;  <a href=\"https:\/\/agora.xtec.cat\/ceip-santacreu-anglesola\/general\/volcans-a-5e\/\" title=\"Read VOLCANS A 5\u00e8\">Llegeix m\u00e9s\u00bb<\/a><\/p>\n","protected":false},"author":1,"featured_media":6397,"comment_status":"closed","ping_status":"closed","sticky":false,"template":"","format":"standard","meta":{"_bbp_topic_count":0,"_bbp_reply_count":0,"_bbp_total_topic_count":0,"_bbp_total_reply_count":0,"_bbp_voice_count":0,"_bbp_anonymous_reply_count":0,"_bbp_topic_count_hidden":0,"_bbp_reply_count_hidden":0,"_bbp_forum_subforum_count":0,"footnotes":""},"categories":[1,4],"tags":[],"class_list":["post-6394","post","type-post","status-publish","format-standard","has-post-thumbnail","hentry","category-general","category-portada"],"post_mailing_queue_ids":[],"_links":{"self":[{"href":"https:\/\/agora.xtec.cat\/ceip-santacreu-anglesola\/wp-json\/wp\/v2\/posts\/6394","targetHints":{"allow":["GET"]}}],"collection":[{"href":"https:\/\/agora.xtec.cat\/ceip-santacreu-anglesola\/wp-json\/wp\/v2\/posts"}],"about":[{"href":"https:\/\/agora.xtec.cat\/ceip-santacreu-anglesola\/wp-json\/wp\/v2\/types\/post"}],"author":[{"embeddable":true,"href":"https:\/\/agora.xtec.cat\/ceip-santacreu-anglesola\/wp-json\/wp\/v2\/users\/1"}],"replies":[{"embeddable":true,"href":"https:\/\/agora.xtec.cat\/ceip-santacreu-anglesola\/wp-json\/wp\/v2\/comments?post=6394"}],"version-history":[{"count":4,"href":"https:\/\/agora.xtec.cat\/ceip-santacreu-anglesola\/wp-json\/wp\/v2\/posts\/6394\/revisions"}],"predecessor-version":[{"id":6405,"href":"https:\/\/agora.xtec.cat\/ceip-santacreu-anglesola\/wp-json\/wp\/v2\/posts\/6394\/revisions\/6405"}],"wp:featuredmedia":[{"embeddable":true,"href":"https:\/\/agora.xtec.cat\/ceip-santacreu-anglesola\/wp-json\/wp\/v2\/media\/6397"}],"wp:attachment":[{"href":"https:\/\/agora.xtec.cat\/ceip-santacreu-anglesola\/wp-json\/wp\/v2\/media?parent=6394"}],"wp:term":[{"taxonomy":"category","embeddable":true,"href":"https:\/\/agora.xtec.cat\/ceip-santacreu-anglesola\/wp-json\/wp\/v2\/categories?post=6394"},{"taxonomy":"post_tag","embeddable":true,"href":"https:\/\/agora.xtec.cat\/ceip-santacreu-anglesola\/wp-json\/wp\/v2\/tags?post=6394"}],"curies":[{"name":"wp","href":"https:\/\/api.w.org\/{rel}","templated":true}]}}