{"id":6370,"date":"2023-11-09T13:08:24","date_gmt":"2023-11-09T12:08:24","guid":{"rendered":"https:\/\/agora.xtec.cat\/ceip-santacreu-anglesola\/?p=6370"},"modified":"2023-11-09T17:05:28","modified_gmt":"2023-11-09T16:05:28","slug":"entusiasmat-3","status":"publish","type":"post","link":"https:\/\/agora.xtec.cat\/ceip-santacreu-anglesola\/general\/entusiasmat-3\/","title":{"rendered":"ENTUSIASMA&#8217;T"},"content":{"rendered":"<p>El dimarts 31 d&#8217;octubre al mat\u00ed vam fer, com cada any, l&#8217;EntusiasMat que \u00e9s un conjunt de tallers matem\u00e0tics pels quals va passant tot l&#8217;alumnat de l&#8217;escola. L&#8217;objectiu es treballar continguts matem\u00e0tics per\u00f2 amb agrupacions intercicle. V\u00e0rem fer tres grans grups: <strong><span style=\"color: #99cc00;\">I<\/span><span style=\"color: #99cc00;\">nfantil<\/span>, <span style=\"color: #0000ff;\">Cicle Inicial,<\/span>\u00a0<span style=\"color: #ff00ff;\">Cicle Mitj\u00e0 i Cicle Superior junts<\/span>.<\/strong><\/p>\n<p>Dins de cada grup hi havia diferents tallers. A <span style=\"color: #99cc00;\"><strong>Infantil<\/strong><\/span> en van fer cinc:<\/p>\n<ol>\n<li style=\"list-style-type: none;\">\n<ol>\n<li style=\"list-style-type: none;\">\n<ol>\n<li>Seriaci\u00f3 amb material de tardor,<\/li>\n<li>Geometria amb palets de gelat,<\/li>\n<li>Comparaci\u00f3 de quantitats,<\/li>\n<li>Numeraci\u00f3 amb multicubs i<\/li>\n<li>El treball de la mesura (al\u00e7ada).<\/li>\n<\/ol>\n<\/li>\n<\/ol>\n<\/li>\n<\/ol>\n<p>A <strong><span style=\"color: #0000ff;\">C<\/span><span style=\"color: #0000ff;\">icle Inicial<\/span> <\/strong>en van fer quatre:<\/p>\n<ol>\n<li style=\"list-style-type: none;\">\n<ol>\n<li style=\"list-style-type: none;\">\n<ol>\n<li>Parells i imparells,<\/li>\n<li>C\u00e0lcul digital,<\/li>\n<li>Pol\u00edgons i<\/li>\n<li>Mesura de longituds.<\/li>\n<\/ol>\n<\/li>\n<\/ol>\n<\/li>\n<\/ol>\n<p>I a <strong><span style=\"color: #ff00ff;\">Cicle Mitj\u00e0 i Cicle Superior<\/span><\/strong>:<\/p>\n<ol>\n<li style=\"list-style-type: none;\">\n<ol>\n<li style=\"list-style-type: none;\">\n<ol>\n<li>Geometria amb el comp\u00e0s,<\/li>\n<li>Multiplicacions amb el bingo,<\/li>\n<li>Kahoot matem\u00e0tic,<\/li>\n<li>Cubisme (geometria) i<\/li>\n<li>Sudokos (c\u00e0lcul mental)<\/li>\n<\/ol>\n<\/li>\n<\/ol>\n<\/li>\n<\/ol>\n<p>Va ser un mat\u00ed diferent i divertit on l&#8217;alumnat va aprendre gaudint. Com cada any en traiem bones conclusions!!<\/p>\n<p>Clicant a la imatge podreu veure fotografies dels diferents tallers.<\/p>\n<p style=\"text-align: left;\"><a href=\"https:\/\/agora.xtec.cat\/ceip-santacreu-anglesola\/wp-content\/uploads\/usu483\/2023\/11\/1.jpg\">\u00a0 \u00a0 \u00a0<\/a><a href=\"https:\/\/agora.xtec.cat\/ceip-santacreu-anglesola\/wp-content\/uploads\/usu483\/2023\/11\/2.jpg\">\u00a0 \u00a0 <\/a><a href=\"https:\/\/agora.xtec.cat\/ceip-santacreu-anglesola\/general\/entusiasmat-protegit\/\" target=\"_blank\" rel=\"noopener\"><img loading=\"lazy\" decoding=\"async\" class=\"alignnone wp-image-6380 size-medium\" src=\"https:\/\/agora.xtec.cat\/ceip-santacreu-anglesola\/wp-content\/uploads\/usu483\/2023\/11\/Grup-INFANTIL-300x169.jpg\" alt=\"\" width=\"300\" height=\"169\" srcset=\"https:\/\/agora.xtec.cat\/ceip-santacreu-anglesola\/wp-content\/uploads\/usu483\/2023\/11\/Grup-INFANTIL-300x169.jpg 300w, https:\/\/agora.xtec.cat\/ceip-santacreu-anglesola\/wp-content\/uploads\/usu483\/2023\/11\/Grup-INFANTIL-1024x576.jpg 1024w, https:\/\/agora.xtec.cat\/ceip-santacreu-anglesola\/wp-content\/uploads\/usu483\/2023\/11\/Grup-INFANTIL-768x432.jpg 768w, https:\/\/agora.xtec.cat\/ceip-santacreu-anglesola\/wp-content\/uploads\/usu483\/2023\/11\/Grup-INFANTIL.jpg 1440w\" sizes=\"auto, (max-width: 300px) 100vw, 300px\" \/><\/a><\/p>\n<p>&nbsp;<\/p>\n<p>&nbsp;<\/p>\n<p><a href=\"https:\/\/agora.xtec.cat\/ceip-santacreu-anglesola\/wp-content\/uploads\/usu483\/2023\/11\/1.jpg\">\u00a0 \u00a0 \u00a0 \u00a0 \u00a0 \u00a0 \u00a0 \u00a0 \u00a0 \u00a0 \u00a0 \u00a0 \u00a0 \u00a0 \u00a0\u00a0 \u00a0 \u00a0<\/a><\/p>\n<p><a href=\"https:\/\/agora.xtec.cat\/ceip-santacreu-anglesola\/wp-content\/uploads\/usu483\/2023\/11\/1.jpg\">\u00a0<\/a> <a href=\"https:\/\/agora.xtec.cat\/ceip-santacreu-anglesola\/wp-content\/uploads\/usu483\/2023\/11\/2.jpg\">\u00a0 \u00a0 \u00a0<\/a><\/p>\n<p><a href=\"https:\/\/agora.xtec.cat\/ceip-santacreu-anglesola\/wp-content\/uploads\/usu483\/2023\/11\/2.jpg\"> \u00a0 \u00a0<\/a><\/p>\n","protected":false},"excerpt":{"rendered":"<p>El dimarts 31 d&#8217;octubre al mat\u00ed vam fer, com cada any, l&#8217;EntusiasMat que \u00e9s un conjunt de tallers matem\u00e0tics pels quals va passant tot l&#8217;alumnat de l&#8217;escola. L&#8217;objectiu es treballar continguts matem\u00e0tics per\u00f2 amb agrupacions intercicle. V\u00e0rem fer tres grans grups: Infantil, Cicle Inicial,\u00a0Cicle Mitj\u00e0&hellip;  <a href=\"https:\/\/agora.xtec.cat\/ceip-santacreu-anglesola\/general\/entusiasmat-3\/\" title=\"Read ENTUSIASMA&#8217;T\">Llegeix m\u00e9s\u00bb<\/a><\/p>\n","protected":false},"author":1,"featured_media":6380,"comment_status":"closed","ping_status":"closed","sticky":false,"template":"","format":"standard","meta":{"_bbp_topic_count":0,"_bbp_reply_count":0,"_bbp_total_topic_count":0,"_bbp_total_reply_count":0,"_bbp_voice_count":0,"_bbp_anonymous_reply_count":0,"_bbp_topic_count_hidden":0,"_bbp_reply_count_hidden":0,"_bbp_forum_subforum_count":0,"footnotes":""},"categories":[1,4],"tags":[],"class_list":["post-6370","post","type-post","status-publish","format-standard","has-post-thumbnail","hentry","category-general","category-portada"],"post_mailing_queue_ids":[],"_links":{"self":[{"href":"https:\/\/agora.xtec.cat\/ceip-santacreu-anglesola\/wp-json\/wp\/v2\/posts\/6370","targetHints":{"allow":["GET"]}}],"collection":[{"href":"https:\/\/agora.xtec.cat\/ceip-santacreu-anglesola\/wp-json\/wp\/v2\/posts"}],"about":[{"href":"https:\/\/agora.xtec.cat\/ceip-santacreu-anglesola\/wp-json\/wp\/v2\/types\/post"}],"author":[{"embeddable":true,"href":"https:\/\/agora.xtec.cat\/ceip-santacreu-anglesola\/wp-json\/wp\/v2\/users\/1"}],"replies":[{"embeddable":true,"href":"https:\/\/agora.xtec.cat\/ceip-santacreu-anglesola\/wp-json\/wp\/v2\/comments?post=6370"}],"version-history":[{"count":6,"href":"https:\/\/agora.xtec.cat\/ceip-santacreu-anglesola\/wp-json\/wp\/v2\/posts\/6370\/revisions"}],"predecessor-version":[{"id":6403,"href":"https:\/\/agora.xtec.cat\/ceip-santacreu-anglesola\/wp-json\/wp\/v2\/posts\/6370\/revisions\/6403"}],"wp:featuredmedia":[{"embeddable":true,"href":"https:\/\/agora.xtec.cat\/ceip-santacreu-anglesola\/wp-json\/wp\/v2\/media\/6380"}],"wp:attachment":[{"href":"https:\/\/agora.xtec.cat\/ceip-santacreu-anglesola\/wp-json\/wp\/v2\/media?parent=6370"}],"wp:term":[{"taxonomy":"category","embeddable":true,"href":"https:\/\/agora.xtec.cat\/ceip-santacreu-anglesola\/wp-json\/wp\/v2\/categories?post=6370"},{"taxonomy":"post_tag","embeddable":true,"href":"https:\/\/agora.xtec.cat\/ceip-santacreu-anglesola\/wp-json\/wp\/v2\/tags?post=6370"}],"curies":[{"name":"wp","href":"https:\/\/api.w.org\/{rel}","templated":true}]}}