{"id":6369,"date":"2023-11-07T10:39:10","date_gmt":"2023-11-07T09:39:10","guid":{"rendered":"https:\/\/agora.xtec.cat\/ceip-santacreu-anglesola\/?p=6369"},"modified":"2023-11-07T10:40:08","modified_gmt":"2023-11-07T09:40:08","slug":"recursos-per-families-educac","status":"publish","type":"post","link":"https:\/\/agora.xtec.cat\/ceip-santacreu-anglesola\/portada\/recursos-per-families-educac\/","title":{"rendered":"RECURSOS PER  A FAM\u00cdLIES eduCAC"},"content":{"rendered":"<p>Benvolgudes fam\u00edlies,<\/p>\n<p>sabem que l&#8217;acc\u00e9s dels infants a les pantalles i al m\u00f3n audiovisual en general \u00e9s un tema d&#8217;actualitat i que preocupa a molts pares i mares. Per aix\u00f2, us volem presentar un p\u00e0gina web amb molts recursos i orientacions sobre aquest tema.<\/p>\n<h4><a href=\"https:\/\/www.educac.cat\/families\" target=\"_blank\" rel=\"noopener\"><strong>ACC\u00c9S A eduCAC<\/strong><\/a><\/h4>\n<p>Esperem que us sigui d&#8217;utilitat \ud83d\ude09<\/p>\n","protected":false},"excerpt":{"rendered":"<p>Benvolgudes fam\u00edlies,<br \/>\nsabem que l&#8217;acc\u00e9s dels infants a les pantalles i al m\u00f3n audiovisual en general \u00e9s un tema d&#8217;actualitat i que preocupa a molts pares i mares. Per aix\u00f2, us volem presentar un p\u00e0gina web amb molts recursos i orientacions sobre aquest tema.<br \/>\n<a href=\"https:\/\/www.educac.cat\/families\" target=\"_blank\"&hellip;  <a href=\"https:\/\/agora.xtec.cat\/ceip-santacreu-anglesola\/portada\/recursos-per-families-educac\/\" title=\"Read RECURSOS PER  A FAM\u00cdLIES eduCAC\">Llegeix m\u00e9s\u00bb<\/a><\/p>\n","protected":false},"author":11,"featured_media":0,"comment_status":"open","ping_status":"closed","sticky":false,"template":"","format":"standard","meta":{"_bbp_topic_count":0,"_bbp_reply_count":0,"_bbp_total_topic_count":0,"_bbp_total_reply_count":0,"_bbp_voice_count":0,"_bbp_anonymous_reply_count":0,"_bbp_topic_count_hidden":0,"_bbp_reply_count_hidden":0,"_bbp_forum_subforum_count":0,"footnotes":""},"categories":[54,4,5],"tags":[],"class_list":["post-6369","post","type-post","status-publish","format-standard","hentry","category-articles","category-portada","category-primaria"],"post_mailing_queue_ids":[],"_links":{"self":[{"href":"https:\/\/agora.xtec.cat\/ceip-santacreu-anglesola\/wp-json\/wp\/v2\/posts\/6369","targetHints":{"allow":["GET"]}}],"collection":[{"href":"https:\/\/agora.xtec.cat\/ceip-santacreu-anglesola\/wp-json\/wp\/v2\/posts"}],"about":[{"href":"https:\/\/agora.xtec.cat\/ceip-santacreu-anglesola\/wp-json\/wp\/v2\/types\/post"}],"author":[{"embeddable":true,"href":"https:\/\/agora.xtec.cat\/ceip-santacreu-anglesola\/wp-json\/wp\/v2\/users\/11"}],"replies":[{"embeddable":true,"href":"https:\/\/agora.xtec.cat\/ceip-santacreu-anglesola\/wp-json\/wp\/v2\/comments?post=6369"}],"version-history":[{"count":2,"href":"https:\/\/agora.xtec.cat\/ceip-santacreu-anglesola\/wp-json\/wp\/v2\/posts\/6369\/revisions"}],"predecessor-version":[{"id":6372,"href":"https:\/\/agora.xtec.cat\/ceip-santacreu-anglesola\/wp-json\/wp\/v2\/posts\/6369\/revisions\/6372"}],"wp:attachment":[{"href":"https:\/\/agora.xtec.cat\/ceip-santacreu-anglesola\/wp-json\/wp\/v2\/media?parent=6369"}],"wp:term":[{"taxonomy":"category","embeddable":true,"href":"https:\/\/agora.xtec.cat\/ceip-santacreu-anglesola\/wp-json\/wp\/v2\/categories?post=6369"},{"taxonomy":"post_tag","embeddable":true,"href":"https:\/\/agora.xtec.cat\/ceip-santacreu-anglesola\/wp-json\/wp\/v2\/tags?post=6369"}],"curies":[{"name":"wp","href":"https:\/\/api.w.org\/{rel}","templated":true}]}}