{"id":6341,"date":"2023-10-31T13:39:03","date_gmt":"2023-10-31T12:39:03","guid":{"rendered":"https:\/\/agora.xtec.cat\/ceip-santacreu-anglesola\/?p=6341"},"modified":"2023-10-31T14:26:21","modified_gmt":"2023-10-31T13:26:21","slug":"sortida-educacio-infantil-al-castell-de-saidia","status":"publish","type":"post","link":"https:\/\/agora.xtec.cat\/ceip-santacreu-anglesola\/general\/sortida-educacio-infantil-al-castell-de-saidia\/","title":{"rendered":"SORTIDA EDUCACI\u00d3 INFANTIL AL CASTELL DE SAIDIA"},"content":{"rendered":"<p>El passat divendres 27 d&#8217;octubre l&#8217;alumnat d&#8217;educaci\u00f3 Infantil va pujar a l&#8217;autocar direcci\u00f3 al Castell de Saidia, una granja escola situada al terme d&#8217;Almacelles, plena d&#8217;oportunitats i noves experi\u00e8ncies pels m\u00e9s petits.<\/p>\n<p>Quan vam arribar ens van rebre la Vero i el Marc, els monitors que van passar el dia amb nosaltres.\u00a0 Vam esmorzar i vam comen\u00e7ar el taller del Tipi.\u00a0 Despr\u00e9s vam jugar als diferents parcs que hi ha. Vam dinar i visitar els animalets que tenen all\u00ed, tamb\u00e9 vam pujar i donar un tomet amb el\u00a0 ruquet. Molt contents, il\u00b7lusionats i cansats vam tornar a Anglesola!<\/p>\n<p>Vam passar un gran dia junts!<\/p>\n<p>Cliqueu damunt la imatge per veure les fotografies d&#8217;aquest dia.<\/p>\n<p><a href=\"https:\/\/agora.xtec.cat\/ceip-santacreu-anglesola\/general\/excursio-saidia\/\"><img loading=\"lazy\" decoding=\"async\" src=\"https:\/\/www.granjaescolasaira.es\/s\/misc\/logo.jpg?t=1696736656\" alt=\"sortida Saidia\" width=\"161\" height=\"178\" \/><\/a><\/p>\n<p>&nbsp;<\/p>\n<p>&nbsp;<\/p>\n","protected":false},"excerpt":{"rendered":"<p>El passat divendres 27 d&#8217;octubre l&#8217;alumnat d&#8217;educaci\u00f3 Infantil va pujar a l&#8217;autocar direcci\u00f3 al Castell de Saidia, una granja escola situada al terme d&#8217;Almacelles, plena d&#8217;oportunitats i noves experi\u00e8ncies pels m\u00e9s petits.<br \/>\nQuan vam arribar ens van rebre la Vero i el Marc, els monitors que&hellip;  <a href=\"https:\/\/agora.xtec.cat\/ceip-santacreu-anglesola\/general\/sortida-educacio-infantil-al-castell-de-saidia\/\" title=\"Read SORTIDA EDUCACI\u00d3 INFANTIL AL CASTELL DE SAIDIA\">Llegeix m\u00e9s\u00bb<\/a><\/p>\n","protected":false},"author":24,"featured_media":0,"comment_status":"open","ping_status":"closed","sticky":false,"template":"","format":"standard","meta":{"_bbp_topic_count":0,"_bbp_reply_count":0,"_bbp_total_topic_count":0,"_bbp_total_reply_count":0,"_bbp_voice_count":0,"_bbp_anonymous_reply_count":0,"_bbp_topic_count_hidden":0,"_bbp_reply_count_hidden":0,"_bbp_forum_subforum_count":0,"footnotes":""},"categories":[1,4],"tags":[],"class_list":["post-6341","post","type-post","status-publish","format-standard","hentry","category-general","category-portada"],"post_mailing_queue_ids":[],"_links":{"self":[{"href":"https:\/\/agora.xtec.cat\/ceip-santacreu-anglesola\/wp-json\/wp\/v2\/posts\/6341","targetHints":{"allow":["GET"]}}],"collection":[{"href":"https:\/\/agora.xtec.cat\/ceip-santacreu-anglesola\/wp-json\/wp\/v2\/posts"}],"about":[{"href":"https:\/\/agora.xtec.cat\/ceip-santacreu-anglesola\/wp-json\/wp\/v2\/types\/post"}],"author":[{"embeddable":true,"href":"https:\/\/agora.xtec.cat\/ceip-santacreu-anglesola\/wp-json\/wp\/v2\/users\/24"}],"replies":[{"embeddable":true,"href":"https:\/\/agora.xtec.cat\/ceip-santacreu-anglesola\/wp-json\/wp\/v2\/comments?post=6341"}],"version-history":[{"count":6,"href":"https:\/\/agora.xtec.cat\/ceip-santacreu-anglesola\/wp-json\/wp\/v2\/posts\/6341\/revisions"}],"predecessor-version":[{"id":6356,"href":"https:\/\/agora.xtec.cat\/ceip-santacreu-anglesola\/wp-json\/wp\/v2\/posts\/6341\/revisions\/6356"}],"wp:attachment":[{"href":"https:\/\/agora.xtec.cat\/ceip-santacreu-anglesola\/wp-json\/wp\/v2\/media?parent=6341"}],"wp:term":[{"taxonomy":"category","embeddable":true,"href":"https:\/\/agora.xtec.cat\/ceip-santacreu-anglesola\/wp-json\/wp\/v2\/categories?post=6341"},{"taxonomy":"post_tag","embeddable":true,"href":"https:\/\/agora.xtec.cat\/ceip-santacreu-anglesola\/wp-json\/wp\/v2\/tags?post=6341"}],"curies":[{"name":"wp","href":"https:\/\/api.w.org\/{rel}","templated":true}]}}