{"id":6307,"date":"2023-10-11T19:51:15","date_gmt":"2023-10-11T17:51:15","guid":{"rendered":"https:\/\/agora.xtec.cat\/ceip-santacreu-anglesola\/?p=6307"},"modified":"2023-10-11T19:51:39","modified_gmt":"2023-10-11T17:51:39","slug":"visita-bonarea","status":"publish","type":"post","link":"https:\/\/agora.xtec.cat\/ceip-santacreu-anglesola\/portada\/visita-bonarea\/","title":{"rendered":"VISITA BON\u00c0REA"},"content":{"rendered":"<p style=\"text-align: justify;\">El dimecres 11 d&#8217;octubre l&#8217;alumnat de sis\u00e8 de prim\u00e0ria de l&#8217;escola, juntament amb l&#8217;alumnat de sis\u00e8 de la ZER Riu Ondara, v\u00e0rem visitar les instal\u00b7lacions de Bon\u00e0rea a Guissona: les plantes d&#8217;envasats, els magatzems intel\u00b7ligents, els escorxadors d&#8217;aus&#8230;Despr\u00e9s ens van convidar a dinar al buffet on vam poder mostrar les nostres habilitats culin\u00e0ries amb la planxa. Ens vam emportar una gran experi\u00e8ncia i una tassa i una fotografia de records.<\/p>\n<p><img loading=\"lazy\" decoding=\"async\" class=\"aligncenter size-large wp-image-6308\" src=\"https:\/\/agora.xtec.cat\/ceip-santacreu-anglesola\/wp-content\/uploads\/usu483\/2023\/10\/1-1024x179.jpg\" alt=\"\" width=\"1024\" height=\"179\" srcset=\"https:\/\/agora.xtec.cat\/ceip-santacreu-anglesola\/wp-content\/uploads\/usu483\/2023\/10\/1-1024x179.jpg 1024w, https:\/\/agora.xtec.cat\/ceip-santacreu-anglesola\/wp-content\/uploads\/usu483\/2023\/10\/1-300x52.jpg 300w, https:\/\/agora.xtec.cat\/ceip-santacreu-anglesola\/wp-content\/uploads\/usu483\/2023\/10\/1-768x134.jpg 768w, https:\/\/agora.xtec.cat\/ceip-santacreu-anglesola\/wp-content\/uploads\/usu483\/2023\/10\/1-1536x268.jpg 1536w, https:\/\/agora.xtec.cat\/ceip-santacreu-anglesola\/wp-content\/uploads\/usu483\/2023\/10\/1-2048x358.jpg 2048w\" sizes=\"auto, (max-width: 1024px) 100vw, 1024px\" \/><\/p>\n","protected":false},"excerpt":{"rendered":"<p>El dimecres 11 d&#8217;octubre l&#8217;alumnat de sis\u00e8 de prim\u00e0ria de l&#8217;escola, juntament amb l&#8217;alumnat de sis\u00e8 de la ZER Riu Ondara, v\u00e0rem visitar les instal\u00b7lacions de Bon\u00e0rea a Guissona: les plantes d&#8217;envasats, els magatzems intel\u00b7ligents, els escorxadors d&#8217;aus&#8230;Despr\u00e9s ens van convidar a dinar al buffet&hellip;  <a href=\"https:\/\/agora.xtec.cat\/ceip-santacreu-anglesola\/portada\/visita-bonarea\/\" title=\"Read VISITA BON\u00c0REA\">Llegeix m\u00e9s\u00bb<\/a><\/p>\n","protected":false},"author":11,"featured_media":0,"comment_status":"open","ping_status":"closed","sticky":false,"template":"","format":"standard","meta":{"_bbp_topic_count":0,"_bbp_reply_count":0,"_bbp_total_topic_count":0,"_bbp_total_reply_count":0,"_bbp_voice_count":0,"_bbp_anonymous_reply_count":0,"_bbp_topic_count_hidden":0,"_bbp_reply_count_hidden":0,"_bbp_forum_subforum_count":0,"footnotes":""},"categories":[15,4,5],"tags":[],"class_list":["post-6307","post","type-post","status-publish","format-standard","hentry","category-6e","category-portada","category-primaria"],"post_mailing_queue_ids":[],"_links":{"self":[{"href":"https:\/\/agora.xtec.cat\/ceip-santacreu-anglesola\/wp-json\/wp\/v2\/posts\/6307","targetHints":{"allow":["GET"]}}],"collection":[{"href":"https:\/\/agora.xtec.cat\/ceip-santacreu-anglesola\/wp-json\/wp\/v2\/posts"}],"about":[{"href":"https:\/\/agora.xtec.cat\/ceip-santacreu-anglesola\/wp-json\/wp\/v2\/types\/post"}],"author":[{"embeddable":true,"href":"https:\/\/agora.xtec.cat\/ceip-santacreu-anglesola\/wp-json\/wp\/v2\/users\/11"}],"replies":[{"embeddable":true,"href":"https:\/\/agora.xtec.cat\/ceip-santacreu-anglesola\/wp-json\/wp\/v2\/comments?post=6307"}],"version-history":[{"count":2,"href":"https:\/\/agora.xtec.cat\/ceip-santacreu-anglesola\/wp-json\/wp\/v2\/posts\/6307\/revisions"}],"predecessor-version":[{"id":6310,"href":"https:\/\/agora.xtec.cat\/ceip-santacreu-anglesola\/wp-json\/wp\/v2\/posts\/6307\/revisions\/6310"}],"wp:attachment":[{"href":"https:\/\/agora.xtec.cat\/ceip-santacreu-anglesola\/wp-json\/wp\/v2\/media?parent=6307"}],"wp:term":[{"taxonomy":"category","embeddable":true,"href":"https:\/\/agora.xtec.cat\/ceip-santacreu-anglesola\/wp-json\/wp\/v2\/categories?post=6307"},{"taxonomy":"post_tag","embeddable":true,"href":"https:\/\/agora.xtec.cat\/ceip-santacreu-anglesola\/wp-json\/wp\/v2\/tags?post=6307"}],"curies":[{"name":"wp","href":"https:\/\/api.w.org\/{rel}","templated":true}]}}