{"id":6264,"date":"2023-09-14T14:08:55","date_gmt":"2023-09-14T12:08:55","guid":{"rendered":"https:\/\/agora.xtec.cat\/ceip-santacreu-anglesola\/?p=6264"},"modified":"2023-09-14T14:08:55","modified_gmt":"2023-09-14T12:08:55","slug":"sharenting","status":"publish","type":"post","link":"https:\/\/agora.xtec.cat\/ceip-santacreu-anglesola\/general\/sharenting\/","title":{"rendered":"SHARENTING"},"content":{"rendered":"<p>Benvolgudes fam\u00edlies,<\/p>\n<p>En aquest article trobareu l&#8217;enlla\u00e7 a un v\u00eddeo que parla sobre el <em>Sharenting,<\/em> que \u00e9s la tend\u00e8ncia actual de molts progenitors a compartir imatges i v\u00eddeos sobre els seus fills i filles menors a les xarxes socials, aix\u00ed com les seves inquietuds i experi\u00e8ncies al voltant de la crian\u00e7a. Aquesta sobreexposici\u00f3 comporta una s\u00e8rie de perills que paga la pena con\u00e8ixer.<\/p>\n<p>Clica damunt la imatge per a veure el v\u00eddeo.<\/p>\n<p><a href=\"https:\/\/preevca.cat\/videos\/Sharenting.mp4\" target=\"_blank\" rel=\"noopener\"><img loading=\"lazy\" decoding=\"async\" class=\"aligncenter wp-image-6274 size-full\" src=\"https:\/\/agora.xtec.cat\/ceip-santacreu-anglesola\/wp-content\/uploads\/usu483\/2023\/09\/sher.jpg\" alt=\"\" width=\"264\" height=\"191\" \/><\/a><\/p>\n<p>\u00c9s un v\u00eddeo molt breu, d&#8217;un minut i mig, per\u00f2 molt conc\u00eds, us recomanem el seu visionat.<\/p>\n<p>Si vols m\u00e9s informaci\u00f3 pots anar a aquest enlla\u00e7: <a href=\"https:\/\/apdcat.gencat.cat\/ca\/documentacio\/dadesticsegures\/crianca-compartida-sharenting\/index.html\" target=\"_blank\" rel=\"noopener\">M\u00c9S INFORMACI\u00d3<\/a><\/p>\n<p>&nbsp;<\/p>\n<p>&nbsp;<\/p>\n<p>&nbsp;<\/p>\n<p>&nbsp;<\/p>\n<p>&nbsp;<\/p>\n<p>&nbsp;<\/p>\n<p>&nbsp;<\/p>\n","protected":false},"excerpt":{"rendered":"<p>Benvolgudes fam\u00edlies,<br \/>\nEn aquest article trobareu l&#8217;enlla\u00e7 a un v\u00eddeo que parla sobre el Sharenting, que \u00e9s la tend\u00e8ncia actual de molts progenitors a compartir imatges i v\u00eddeos sobre els seus fills i filles menors a les xarxes socials, aix\u00ed com les seves inquietuds i experi\u00e8ncies&hellip;  <a href=\"https:\/\/agora.xtec.cat\/ceip-santacreu-anglesola\/general\/sharenting\/\" title=\"Read SHARENTING\">Llegeix m\u00e9s\u00bb<\/a><\/p>\n","protected":false},"author":1,"featured_media":6274,"comment_status":"closed","ping_status":"closed","sticky":false,"template":"","format":"standard","meta":{"_bbp_topic_count":0,"_bbp_reply_count":0,"_bbp_total_topic_count":0,"_bbp_total_reply_count":0,"_bbp_voice_count":0,"_bbp_anonymous_reply_count":0,"_bbp_topic_count_hidden":0,"_bbp_reply_count_hidden":0,"_bbp_forum_subforum_count":0,"footnotes":""},"categories":[1,4],"tags":[],"class_list":["post-6264","post","type-post","status-publish","format-standard","has-post-thumbnail","hentry","category-general","category-portada"],"post_mailing_queue_ids":[],"_links":{"self":[{"href":"https:\/\/agora.xtec.cat\/ceip-santacreu-anglesola\/wp-json\/wp\/v2\/posts\/6264","targetHints":{"allow":["GET"]}}],"collection":[{"href":"https:\/\/agora.xtec.cat\/ceip-santacreu-anglesola\/wp-json\/wp\/v2\/posts"}],"about":[{"href":"https:\/\/agora.xtec.cat\/ceip-santacreu-anglesola\/wp-json\/wp\/v2\/types\/post"}],"author":[{"embeddable":true,"href":"https:\/\/agora.xtec.cat\/ceip-santacreu-anglesola\/wp-json\/wp\/v2\/users\/1"}],"replies":[{"embeddable":true,"href":"https:\/\/agora.xtec.cat\/ceip-santacreu-anglesola\/wp-json\/wp\/v2\/comments?post=6264"}],"version-history":[{"count":3,"href":"https:\/\/agora.xtec.cat\/ceip-santacreu-anglesola\/wp-json\/wp\/v2\/posts\/6264\/revisions"}],"predecessor-version":[{"id":6276,"href":"https:\/\/agora.xtec.cat\/ceip-santacreu-anglesola\/wp-json\/wp\/v2\/posts\/6264\/revisions\/6276"}],"wp:featuredmedia":[{"embeddable":true,"href":"https:\/\/agora.xtec.cat\/ceip-santacreu-anglesola\/wp-json\/wp\/v2\/media\/6274"}],"wp:attachment":[{"href":"https:\/\/agora.xtec.cat\/ceip-santacreu-anglesola\/wp-json\/wp\/v2\/media?parent=6264"}],"wp:term":[{"taxonomy":"category","embeddable":true,"href":"https:\/\/agora.xtec.cat\/ceip-santacreu-anglesola\/wp-json\/wp\/v2\/categories?post=6264"},{"taxonomy":"post_tag","embeddable":true,"href":"https:\/\/agora.xtec.cat\/ceip-santacreu-anglesola\/wp-json\/wp\/v2\/tags?post=6264"}],"curies":[{"name":"wp","href":"https:\/\/api.w.org\/{rel}","templated":true}]}}