{"id":6260,"date":"2023-09-07T17:36:20","date_gmt":"2023-09-07T15:36:20","guid":{"rendered":"https:\/\/agora.xtec.cat\/ceip-santacreu-anglesola\/?p=6260"},"modified":"2023-09-07T17:37:32","modified_gmt":"2023-09-07T15:37:32","slug":"guia-per-a-families-cruels-i-malvades","status":"publish","type":"post","link":"https:\/\/agora.xtec.cat\/ceip-santacreu-anglesola\/general\/guia-per-a-families-cruels-i-malvades\/","title":{"rendered":"GUIA PER A FAM\u00cdLIES CRUELS I MALVADES"},"content":{"rendered":"<p>Benvolgudes fam\u00edlies,<\/p>\n<p>actualment vivim en una societat que canvia a gran velocitat, tant a nivell social com tecnol\u00f2gic. En la darrera d\u00e8cada s&#8217;ha generalitzat l&#8217;\u00fas dels dispositius m\u00f2bils entre els adolescents i, fins i tot, entre l&#8217;alumnat de Prim\u00e0ria. Aquesta exposici\u00f3 prematura i sense control a les pantalles afecta al desenvolupament cognitiu dels infants i tamb\u00e9 els pren temps per fer altres activitats m\u00e9s saludables: esport, lectura, joc entre iguals&#8230;<\/p>\n<p>Per tot aix\u00f2, us presentem la &#8220;<strong>Guia per a fam\u00edlies cruel i malvades<\/strong>&#8220;, elaborada per\u00a0 la cooperativa Som Connexi\u00f3 que pret\u00e9n acompanyar a les mares i els pares a decidir de forma conscient com educar els seus fills i filles en l\u2019\u00fas de la tecnologia m\u00f2bil i com introduir l\u2019\u00fas del primer m\u00f2bil de les filles i fills.<\/p>\n<p><a href=\"https:\/\/somconnexio.coop\/wp-content\/uploads\/2022\/05\/GuiaSomConnexio-Online-Catala-Pagines.pdf\" target=\"_blank\" rel=\"noopener\">Descarrega\u2019t la guia aqu\u00ed<\/a><\/p>\n<p><iframe loading=\"lazy\" title=\"YouTube video player\" src=\"https:\/\/www.youtube.com\/embed\/QuXQj7OIGA0?si=aLDSYV2BiyEq4T4p\" width=\"560\" height=\"315\" frameborder=\"0\" allowfullscreen=\"allowfullscreen\"><\/iframe><\/p>\n<p>Si voleu m\u00e9s informaci\u00f3 podeu consultar el seg\u00fcent enlla\u00e7:<\/p>\n<p><a href=\"https:\/\/somconnexio.coop\/som-connexio-publica-guia-per-acompanyar-us-del-mobil-dels-fills\/\" target=\"_blank\" rel=\"noopener\">M\u00c9S INFORMACI\u00d3<\/a><\/p>\n<p>&nbsp;<\/p>\n<p>Esperem que aquesta guia us sigui d&#8217;utilitat. I recordeu&#8230;no esteu soles, us acompanyarem!<\/p>\n","protected":false},"excerpt":{"rendered":"<p>Benvolgudes fam\u00edlies,<br \/>\nactualment vivim en una societat que canvia a gran velocitat, tant a nivell social com tecnol\u00f2gic. En la darrera d\u00e8cada s&#8217;ha generalitzat l&#8217;\u00fas dels dispositius m\u00f2bils entre els adolescents i, fins i tot, entre l&#8217;alumnat de Prim\u00e0ria. Aquesta exposici\u00f3 prematura i sense control a&hellip;  <a href=\"https:\/\/agora.xtec.cat\/ceip-santacreu-anglesola\/general\/guia-per-a-families-cruels-i-malvades\/\" title=\"Read GUIA PER A FAM\u00cdLIES CRUELS I MALVADES\">Llegeix m\u00e9s\u00bb<\/a><\/p>\n","protected":false},"author":11,"featured_media":6261,"comment_status":"open","ping_status":"closed","sticky":false,"template":"","format":"standard","meta":{"_bbp_topic_count":0,"_bbp_reply_count":0,"_bbp_total_topic_count":0,"_bbp_total_reply_count":0,"_bbp_voice_count":0,"_bbp_anonymous_reply_count":0,"_bbp_topic_count_hidden":0,"_bbp_reply_count_hidden":0,"_bbp_forum_subforum_count":0,"footnotes":""},"categories":[13,14,15,1,4],"tags":[],"class_list":["post-6260","post","type-post","status-publish","format-standard","has-post-thumbnail","hentry","category-4t","category-5e","category-6e","category-general","category-portada"],"post_mailing_queue_ids":[],"_links":{"self":[{"href":"https:\/\/agora.xtec.cat\/ceip-santacreu-anglesola\/wp-json\/wp\/v2\/posts\/6260","targetHints":{"allow":["GET"]}}],"collection":[{"href":"https:\/\/agora.xtec.cat\/ceip-santacreu-anglesola\/wp-json\/wp\/v2\/posts"}],"about":[{"href":"https:\/\/agora.xtec.cat\/ceip-santacreu-anglesola\/wp-json\/wp\/v2\/types\/post"}],"author":[{"embeddable":true,"href":"https:\/\/agora.xtec.cat\/ceip-santacreu-anglesola\/wp-json\/wp\/v2\/users\/11"}],"replies":[{"embeddable":true,"href":"https:\/\/agora.xtec.cat\/ceip-santacreu-anglesola\/wp-json\/wp\/v2\/comments?post=6260"}],"version-history":[{"count":2,"href":"https:\/\/agora.xtec.cat\/ceip-santacreu-anglesola\/wp-json\/wp\/v2\/posts\/6260\/revisions"}],"predecessor-version":[{"id":6263,"href":"https:\/\/agora.xtec.cat\/ceip-santacreu-anglesola\/wp-json\/wp\/v2\/posts\/6260\/revisions\/6263"}],"wp:featuredmedia":[{"embeddable":true,"href":"https:\/\/agora.xtec.cat\/ceip-santacreu-anglesola\/wp-json\/wp\/v2\/media\/6261"}],"wp:attachment":[{"href":"https:\/\/agora.xtec.cat\/ceip-santacreu-anglesola\/wp-json\/wp\/v2\/media?parent=6260"}],"wp:term":[{"taxonomy":"category","embeddable":true,"href":"https:\/\/agora.xtec.cat\/ceip-santacreu-anglesola\/wp-json\/wp\/v2\/categories?post=6260"},{"taxonomy":"post_tag","embeddable":true,"href":"https:\/\/agora.xtec.cat\/ceip-santacreu-anglesola\/wp-json\/wp\/v2\/tags?post=6260"}],"curies":[{"name":"wp","href":"https:\/\/api.w.org\/{rel}","templated":true}]}}