{"id":6123,"date":"2023-06-28T12:00:00","date_gmt":"2023-06-28T10:00:00","guid":{"rendered":"https:\/\/agora.xtec.cat\/ceip-santacreu-anglesola\/?p=6123"},"modified":"2023-06-28T12:00:00","modified_gmt":"2023-06-28T10:00:00","slug":"articles-per-a-lestiu","status":"publish","type":"post","link":"https:\/\/agora.xtec.cat\/ceip-santacreu-anglesola\/general\/articles-per-a-lestiu\/","title":{"rendered":"Articles per a l&#8217;estiu"},"content":{"rendered":"<p>Us compartim els \u00faltims articles del curs.<\/p>\n<p>El primer tema \u00e9s un article i un v\u00eddeo que ens parlen de com ensenyar als infants a superar la frustraci\u00f3 i la import\u00e0ncia que t\u00e9 aprendre-ho per a la seva autoestima i benestar.<\/p>\n<p><a href=\"https:\/\/educarestodo.com\/blog\/como-ensenar-a-los-ninos-a-sobreponerse-de-sus-frustraciones\/\">https:\/\/educarestodo.com\/blog\/como-ensenar-a-los-ninos-a-sobreponerse-de-sus-frustraciones\/<\/a><\/p>\n<p><a href=\"https:\/\/www.youtube.com\/watch?v=TI8NXGZSgYA&amp;t=215s\">https:\/\/www.youtube.com\/watch?v=TI8NXGZSgYA&amp;t=215s<\/a><\/p>\n<p>El segon tema s\u00f3n dos articles sobre activitats que podeu fer aquest estiu amb els vostres infants.<\/p>\n<p><a href=\"https:\/\/www.criar.cat\/noticia\/1861\/museus-catalunya-visitar-familia\">https:\/\/www.criar.cat\/noticia\/1861\/museus-catalunya-visitar-familia<\/a><\/p>\n<p><a href=\"https:\/\/www.criar.cat\/noticia\/1942\/festivals-musica-criatures-estiu\">https:\/\/www.criar.cat\/noticia\/1942\/festivals-musica-criatures-estiu<\/a><\/p>\n<p>I per acabar, us compartim articles amb recomanacions de llibres perqu\u00e8 \u00e9s molt important que els nens i nenes continu\u00efn llegint durant l&#8217;estiu.<\/p>\n<p><a href=\"https:\/\/www.rac1.cat\/programes\/via-lliure\/20220626\/4112387055214\/llibres-literatura-infantil-juvenil-estiu-canalla-adolescents-vacances.html\">https:\/\/www.rac1.cat\/programes\/via-lliure\/20220626\/4112387055214\/llibres-literatura-infantil-juvenil-estiu-canalla-adolescents-vacances.html<\/a><\/p>\n<p><a href=\"https:\/\/www.aldealibros.com\/coleccions-llibres-infantils-imprescindibles\/\">https:\/\/www.aldealibros.com\/coleccions-llibres-infantils-imprescindibles\/<\/a><\/p>\n<p><a href=\"https:\/\/www.vilaweb.cat\/noticies\/recomanacions-llibres-infantils-sant-jordi-2023\/\">https:\/\/www.vilaweb.cat\/noticies\/recomanacions-llibres-infantils-sant-jordi-2023\/<\/a><\/p>\n<p>&nbsp;<\/p>\n","protected":false},"excerpt":{"rendered":"<p>Us compartim els \u00faltims articles del curs.<br \/>\nEl primer tema \u00e9s un article i un v\u00eddeo que ens parlen de com ensenyar als infants a superar la frustraci\u00f3 i la import\u00e0ncia que t\u00e9 aprendre-ho per a la seva autoestima i benestar.<br \/>\n<a href=\"https:\/\/educarestodo.com\/blog\/como-ensenar-a-los-ninos-a-sobreponerse-de-sus-frustraciones\/\">https:\/\/educarestodo.com\/blog\/como-ensenar-a-los-ninos-a-sobreponerse-de-sus-frustraciones\/<\/a><br \/>\n<a href=\"https:\/\/www.youtube.com\/watch?v=TI8NXGZSgYA&amp;t=215s\">https:\/\/www.youtube.com\/watch?v=TI8NXGZSgYA&amp;t=215s<\/a><br \/>\nEl segon tema s\u00f3n&hellip;  <a href=\"https:\/\/agora.xtec.cat\/ceip-santacreu-anglesola\/general\/articles-per-a-lestiu\/\" title=\"Read Articles per a l&#8217;estiu\">Llegeix m\u00e9s\u00bb<\/a><\/p>\n","protected":false},"author":3,"featured_media":6126,"comment_status":"open","ping_status":"closed","sticky":false,"template":"","format":"standard","meta":{"_bbp_topic_count":0,"_bbp_reply_count":0,"_bbp_total_topic_count":0,"_bbp_total_reply_count":0,"_bbp_voice_count":0,"_bbp_anonymous_reply_count":0,"_bbp_topic_count_hidden":0,"_bbp_reply_count_hidden":0,"_bbp_forum_subforum_count":0,"footnotes":""},"categories":[54,1,4],"tags":[],"class_list":["post-6123","post","type-post","status-publish","format-standard","has-post-thumbnail","hentry","category-articles","category-general","category-portada"],"post_mailing_queue_ids":[],"_links":{"self":[{"href":"https:\/\/agora.xtec.cat\/ceip-santacreu-anglesola\/wp-json\/wp\/v2\/posts\/6123","targetHints":{"allow":["GET"]}}],"collection":[{"href":"https:\/\/agora.xtec.cat\/ceip-santacreu-anglesola\/wp-json\/wp\/v2\/posts"}],"about":[{"href":"https:\/\/agora.xtec.cat\/ceip-santacreu-anglesola\/wp-json\/wp\/v2\/types\/post"}],"author":[{"embeddable":true,"href":"https:\/\/agora.xtec.cat\/ceip-santacreu-anglesola\/wp-json\/wp\/v2\/users\/3"}],"replies":[{"embeddable":true,"href":"https:\/\/agora.xtec.cat\/ceip-santacreu-anglesola\/wp-json\/wp\/v2\/comments?post=6123"}],"version-history":[{"count":3,"href":"https:\/\/agora.xtec.cat\/ceip-santacreu-anglesola\/wp-json\/wp\/v2\/posts\/6123\/revisions"}],"predecessor-version":[{"id":6127,"href":"https:\/\/agora.xtec.cat\/ceip-santacreu-anglesola\/wp-json\/wp\/v2\/posts\/6123\/revisions\/6127"}],"wp:featuredmedia":[{"embeddable":true,"href":"https:\/\/agora.xtec.cat\/ceip-santacreu-anglesola\/wp-json\/wp\/v2\/media\/6126"}],"wp:attachment":[{"href":"https:\/\/agora.xtec.cat\/ceip-santacreu-anglesola\/wp-json\/wp\/v2\/media?parent=6123"}],"wp:term":[{"taxonomy":"category","embeddable":true,"href":"https:\/\/agora.xtec.cat\/ceip-santacreu-anglesola\/wp-json\/wp\/v2\/categories?post=6123"},{"taxonomy":"post_tag","embeddable":true,"href":"https:\/\/agora.xtec.cat\/ceip-santacreu-anglesola\/wp-json\/wp\/v2\/tags?post=6123"}],"curies":[{"name":"wp","href":"https:\/\/api.w.org\/{rel}","templated":true}]}}