{"id":6074,"date":"2023-06-23T10:20:41","date_gmt":"2023-06-23T08:20:41","guid":{"rendered":"https:\/\/agora.xtec.cat\/ceip-santacreu-anglesola\/?p=6074"},"modified":"2023-09-05T10:35:02","modified_gmt":"2023-09-05T08:35:02","slug":"setmana-cultural","status":"publish","type":"post","link":"https:\/\/agora.xtec.cat\/ceip-santacreu-anglesola\/general\/setmana-cultural\/","title":{"rendered":"SETMANA CULTURAL"},"content":{"rendered":"<p style=\"text-align: left;\">El dia <strong>16 de juny<\/strong> vam comen\u00e7ar la Setmana Cultural fent una <strong>exposici\u00f3 oral dels projectes<\/strong> treballats entre els diferents cicles. Despr\u00e9s vam <strong>inaugurar la Festa Major<\/strong> amb un \u201cxupinasso\u201d. Tamb\u00e9 vam fer una rua pel poble amb la geganta i els capgrossos i amb l\u2019acompanyament de la \u201cbatucada\u201d realitzada pels nens i nenes de 6\u00e8. Per acabar vam fer un vermut a la classe i vam ballar una estona.<\/p>\n<p style=\"text-align: left;\"><strong>Dilluns dia 19<\/strong> vam gaudir de <strong>sessions de cinema<\/strong> amb crispetes! Aquest any les pel\u00b7l\u00edcules estaven relacionades amb el tema de: <strong>Igualtat d\u2019oportunitats entre homes i dones.<\/strong><\/p>\n<p style=\"text-align: left;\">Les pel\u00b7l\u00edcules que vam visionar van ser:<\/p>\n<p style=\"text-align: left;\"><strong>EI:<\/strong> <em>Dora l&#8217;exploradora<\/em><\/p>\n<p style=\"text-align: left;\"><strong>CI:<\/strong> <em>Wall-e<\/em><\/p>\n<p style=\"text-align: left;\"><strong>CM:<\/strong> <em>Brave<\/em><\/p>\n<p style=\"text-align: left;\"><strong>CS<\/strong>: <em>Las mujeres de verdad tienen curvas<\/em><\/p>\n<p style=\"text-align: left;\">Abans de comen\u00e7ar a veure la pel\u00b7l\u00edcula vam repartir als alumnes uns bols individuals amb crispetes. En acabar de veure-la vam fer conversa i reflexi\u00f3 sobre les pel\u00b7l\u00edcules que hav\u00edem vist, ja que es tractava de cinef\u00f2rum.<\/p>\n<p style=\"text-align: left;\">El <strong>dimarts dia 20<\/strong>, tercer dia de Festa Major, vam fer l&#8217;entrega de la <strong>Recollida Solid\u00e0ria<\/strong>.<\/p>\n<p style=\"text-align: left;\">A l&#8217;escola vam c\u00f3rrer una cursa solid\u00e0ria, on van participar tot l\u2019alumnat, a favor de l\u2019<strong><em>Associaci\u00f3 Arrels Sant Ignasi de Lleida.<\/em><\/strong><\/p>\n<p style=\"text-align: left;\">Quan vam acabar la cursa es va fer entrega de les medalles als\/les alumnes guanyadors de cada classe.<\/p>\n<p style=\"text-align: left;\">El Jordi, un educador social d\u2019aquesta associaci\u00f3, va venir presencialment a l\u2019escola i va conscienciar als nens i nenes de la situaci\u00f3 de les persones m\u00e9s desfavorides de la nostra societat, per tal de construir una societat m\u00e9s justa socialment.<\/p>\n<p style=\"text-align: left;\">Despr\u00e9s vam passar a fer l\u2019entrega de diners recollits durant aquests dies per part de tot l&#8217;alumnat i professorat a aquesta entitat sense \u00e0nim de lucre, que \u00e9s un referent en l\u2019atenci\u00f3 i acollida de persones sense llar i persones vulnerables de la ciutat de Lleida i en la lluita contra la pobresa. Se\u2019ls va fer entrega de 155 \u20ac.<\/p>\n<p style=\"text-align: left;\">El <strong>dia 21<\/strong> va estar el dia m\u00e9s emotiu de tota la Festa Major perqu\u00e8 es va fer la festa de les <strong>orles per l&#8217; alumnat de 6\u00e8<\/strong>.<\/p>\n<p style=\"text-align: left;\">Els infants\u00a0 de 1r van donar un regal als padrins lectors com agra\u00efment per la seva tasca. Acte seguit\u00a0 es van donar els premis als guanyadors del 1r Concurs de Cartells Digitals i despr\u00e9s vam passar a les orles: els cracs de 6\u00e8\u00a0 van rebre una banda i un diploma i ens van dedicar unes paraules molt boniques que ens van fer plorar a tots i a totes. Us desitgem molta sort en aquesta nova etapa. Us emporteu un trosset del nostre cor.<\/p>\n<p style=\"text-align: left;\">Tamb\u00e9 li vam fer un petit comiat a l\u2019Ester com a directora per donar-li les gr\u00e0cies per la feina ben feta i per la seva implicaci\u00f3 i dedicaci\u00f3.<\/p>\n<p style=\"text-align: left;\">Per acabar, tots els alumnes \u00a0amb molta il\u00b7lusi\u00f3 i esfor\u00e7, van dur a terme un festival davant de les fam\u00edlies que va \u00e9sser un \u00e8xit i on tothom ho va fer superb\u00e9. Felicitats!!!!!!!!<\/p>\n<p style=\"text-align: left;\">I com a colof\u00f3 final de la nostra festa major i acabament del curs escolar, el <strong>dijous 22<\/strong>, els grans de l&#8217;escola ens van muntar unes <strong>cucanyes<\/strong> molt divertides per diferents llocs de l&#8217;escola on, barrejats per cursos, vam passar un mat\u00ed molt entretingut entre circuits, balls, salts o posant a prova el nostre sentit del tacte endevinant qu\u00e8 hi havia dins d&#8217;unes capses. A l&#8217;hora del pati, l&#8217;AFA ens ha portat coca amb xocolata i vam gaudir d&#8217;un \u00faltim esbarjo tots plegats. Vam acabar el mat\u00ed fent l&#8217;hora dels ad\u00e9us i acomiadant-nos a les aules entre abra\u00e7ades, rialles, cants i nervis.<\/p>\n<p style=\"text-align: left;\">I ara s\u00ed, s&#8217;acaba el curs 22-23, un any ple d&#8217;aprenentatges, creixement i moments pel record.\u00a0Nosaltres ens acomiadem contents per l&#8217;any que hem passat a prop vostre, agra\u00efts per deixar-nos formar part un any m\u00e9s del vostre dia a dia i aprendre de vosaltres en cada cosa que hem viscut. No oblideu de passar un estiu inoblidable i ens veiem al setembre, amb piles noves i disposats i disposades a continuar construint plegats!<\/p>\n<p style=\"text-align: left;\"><strong>BON\u00a0 ESTIU!!\u00a0<\/strong><\/p>\n<p>A continuaci\u00f3 teniu les imatges per reviure cada moment d&#8217;aquesta darrera setmana de curs!<\/p>\n<h2><span style=\"color: #ff0000;\"><strong>CLICA AQU\u00cd!!<\/strong><\/span><\/h2>\n","protected":false},"excerpt":{"rendered":"<p>El dia 16 de juny vam comen\u00e7ar la Setmana Cultural fent una exposici\u00f3 oral dels projectes treballats entre els diferents cicles. Despr\u00e9s vam inaugurar la Festa Major amb un \u201cxupinasso\u201d. Tamb\u00e9 vam fer una rua pel poble amb la geganta i els capgrossos i amb&hellip;  <a href=\"https:\/\/agora.xtec.cat\/ceip-santacreu-anglesola\/general\/setmana-cultural\/\" title=\"Read SETMANA CULTURAL\">Llegeix m\u00e9s\u00bb<\/a><\/p>\n","protected":false},"author":1,"featured_media":0,"comment_status":"open","ping_status":"closed","sticky":false,"template":"","format":"standard","meta":{"_bbp_topic_count":0,"_bbp_reply_count":0,"_bbp_total_topic_count":0,"_bbp_total_reply_count":0,"_bbp_voice_count":0,"_bbp_anonymous_reply_count":0,"_bbp_topic_count_hidden":0,"_bbp_reply_count_hidden":0,"_bbp_forum_subforum_count":0,"footnotes":""},"categories":[1,2,4,5],"tags":[],"class_list":["post-6074","post","type-post","status-publish","format-standard","hentry","category-general","category-infantil","category-portada","category-primaria"],"post_mailing_queue_ids":[],"_links":{"self":[{"href":"https:\/\/agora.xtec.cat\/ceip-santacreu-anglesola\/wp-json\/wp\/v2\/posts\/6074","targetHints":{"allow":["GET"]}}],"collection":[{"href":"https:\/\/agora.xtec.cat\/ceip-santacreu-anglesola\/wp-json\/wp\/v2\/posts"}],"about":[{"href":"https:\/\/agora.xtec.cat\/ceip-santacreu-anglesola\/wp-json\/wp\/v2\/types\/post"}],"author":[{"embeddable":true,"href":"https:\/\/agora.xtec.cat\/ceip-santacreu-anglesola\/wp-json\/wp\/v2\/users\/1"}],"replies":[{"embeddable":true,"href":"https:\/\/agora.xtec.cat\/ceip-santacreu-anglesola\/wp-json\/wp\/v2\/comments?post=6074"}],"version-history":[{"count":3,"href":"https:\/\/agora.xtec.cat\/ceip-santacreu-anglesola\/wp-json\/wp\/v2\/posts\/6074\/revisions"}],"predecessor-version":[{"id":6180,"href":"https:\/\/agora.xtec.cat\/ceip-santacreu-anglesola\/wp-json\/wp\/v2\/posts\/6074\/revisions\/6180"}],"wp:attachment":[{"href":"https:\/\/agora.xtec.cat\/ceip-santacreu-anglesola\/wp-json\/wp\/v2\/media?parent=6074"}],"wp:term":[{"taxonomy":"category","embeddable":true,"href":"https:\/\/agora.xtec.cat\/ceip-santacreu-anglesola\/wp-json\/wp\/v2\/categories?post=6074"},{"taxonomy":"post_tag","embeddable":true,"href":"https:\/\/agora.xtec.cat\/ceip-santacreu-anglesola\/wp-json\/wp\/v2\/tags?post=6074"}],"curies":[{"name":"wp","href":"https:\/\/api.w.org\/{rel}","templated":true}]}}