{"id":6052,"date":"2023-06-15T14:04:56","date_gmt":"2023-06-15T12:04:56","guid":{"rendered":"https:\/\/agora.xtec.cat\/ceip-santacreu-anglesola\/?p=6052"},"modified":"2023-09-05T10:35:21","modified_gmt":"2023-09-05T08:35:21","slug":"mostra-de-musica-de-lurgell-a-lateneu","status":"publish","type":"post","link":"https:\/\/agora.xtec.cat\/ceip-santacreu-anglesola\/general\/mostra-de-musica-de-lurgell-a-lateneu\/","title":{"rendered":"Mostra de M\u00fasica de l&#8217;Urgell a l&#8217;Ateneu"},"content":{"rendered":"<p>Avui els alumnes de 3r de l&#8217;escola Santa Creu d&#8217;Anglesola han interpretat la pe\u00e7a Peer Gynt op 46 el 4t moviment, coneguda com &#8220;In the Hall of the mountain king&#8221; del compositor Edvard Grieg. Ho han fet amb els Boomwhackers, uns instruments en forma de tub que s\u00f3n capa\u00e7os de reproduir diversos tons. Ho han fet d&#8217;all\u00f2 m\u00e9s b\u00e9 i a m\u00e9s han gaudit de les mostres dels altres centres de l&#8217;Urgell en aquesta\u00a0 XXIII edici\u00f3 de l&#8217;event.<\/p>\n<p>Aqu\u00ed podeu veure&#8217;n les imatges i la posada en escena.<\/p>\n<p>Un aplaudiment als nens i nenes de 3r.<\/p>\n<p>&nbsp;<\/p>\n<p><img loading=\"lazy\" decoding=\"async\" class=\"alignnone size-medium wp-image-6054\" src=\"https:\/\/agora.xtec.cat\/ceip-santacreu-anglesola\/wp-content\/uploads\/usu483\/2023\/06\/Sin-titulo-300x170.png\" alt=\"\" width=\"300\" height=\"170\" srcset=\"https:\/\/agora.xtec.cat\/ceip-santacreu-anglesola\/wp-content\/uploads\/usu483\/2023\/06\/Sin-titulo-300x170.png 300w, https:\/\/agora.xtec.cat\/ceip-santacreu-anglesola\/wp-content\/uploads\/usu483\/2023\/06\/Sin-titulo-1024x581.png 1024w, https:\/\/agora.xtec.cat\/ceip-santacreu-anglesola\/wp-content\/uploads\/usu483\/2023\/06\/Sin-titulo-768x436.png 768w, https:\/\/agora.xtec.cat\/ceip-santacreu-anglesola\/wp-content\/uploads\/usu483\/2023\/06\/Sin-titulo.png 1114w\" sizes=\"auto, (max-width: 300px) 100vw, 300px\" \/><\/p>\n","protected":false},"excerpt":{"rendered":"<p>Avui els alumnes de 3r de l&#8217;escola Santa Creu d&#8217;Anglesola han interpretat la pe\u00e7a Peer Gynt op 46 el 4t moviment, coneguda com &#8220;In the Hall of the mountain king&#8221; del compositor Edvard Grieg. Ho han fet amb els Boomwhackers, uns instruments en forma de&hellip;  <a href=\"https:\/\/agora.xtec.cat\/ceip-santacreu-anglesola\/general\/mostra-de-musica-de-lurgell-a-lateneu\/\" title=\"Read Mostra de M\u00fasica de l&#8217;Urgell a l&#8217;Ateneu\">Llegeix m\u00e9s\u00bb<\/a><\/p>\n","protected":false},"author":1,"featured_media":0,"comment_status":"open","ping_status":"closed","sticky":false,"template":"","format":"standard","meta":{"_bbp_topic_count":0,"_bbp_reply_count":0,"_bbp_total_topic_count":0,"_bbp_total_reply_count":0,"_bbp_voice_count":0,"_bbp_anonymous_reply_count":0,"_bbp_topic_count_hidden":0,"_bbp_reply_count_hidden":0,"_bbp_forum_subforum_count":0,"footnotes":""},"categories":[1,4],"tags":[],"class_list":["post-6052","post","type-post","status-publish","format-standard","hentry","category-general","category-portada"],"post_mailing_queue_ids":[],"_links":{"self":[{"href":"https:\/\/agora.xtec.cat\/ceip-santacreu-anglesola\/wp-json\/wp\/v2\/posts\/6052","targetHints":{"allow":["GET"]}}],"collection":[{"href":"https:\/\/agora.xtec.cat\/ceip-santacreu-anglesola\/wp-json\/wp\/v2\/posts"}],"about":[{"href":"https:\/\/agora.xtec.cat\/ceip-santacreu-anglesola\/wp-json\/wp\/v2\/types\/post"}],"author":[{"embeddable":true,"href":"https:\/\/agora.xtec.cat\/ceip-santacreu-anglesola\/wp-json\/wp\/v2\/users\/1"}],"replies":[{"embeddable":true,"href":"https:\/\/agora.xtec.cat\/ceip-santacreu-anglesola\/wp-json\/wp\/v2\/comments?post=6052"}],"version-history":[{"count":3,"href":"https:\/\/agora.xtec.cat\/ceip-santacreu-anglesola\/wp-json\/wp\/v2\/posts\/6052\/revisions"}],"predecessor-version":[{"id":6181,"href":"https:\/\/agora.xtec.cat\/ceip-santacreu-anglesola\/wp-json\/wp\/v2\/posts\/6052\/revisions\/6181"}],"wp:attachment":[{"href":"https:\/\/agora.xtec.cat\/ceip-santacreu-anglesola\/wp-json\/wp\/v2\/media?parent=6052"}],"wp:term":[{"taxonomy":"category","embeddable":true,"href":"https:\/\/agora.xtec.cat\/ceip-santacreu-anglesola\/wp-json\/wp\/v2\/categories?post=6052"},{"taxonomy":"post_tag","embeddable":true,"href":"https:\/\/agora.xtec.cat\/ceip-santacreu-anglesola\/wp-json\/wp\/v2\/tags?post=6052"}],"curies":[{"name":"wp","href":"https:\/\/api.w.org\/{rel}","templated":true}]}}