{"id":6042,"date":"2023-06-15T12:35:06","date_gmt":"2023-06-15T10:35:06","guid":{"rendered":"https:\/\/agora.xtec.cat\/ceip-santacreu-anglesola\/?p=6042"},"modified":"2023-09-05T10:35:52","modified_gmt":"2023-09-05T08:35:52","slug":"1r-concurs-de-cartells-digitals","status":"publish","type":"post","link":"https:\/\/agora.xtec.cat\/ceip-santacreu-anglesola\/general\/1r-concurs-de-cartells-digitals\/","title":{"rendered":"1r Concurs de Cartells Digitals"},"content":{"rendered":"<p>Ja som a la recta final del curs i estem a punt de comen\u00e7ar la <span style=\"color: #339966;\"><strong>Setmana Cultural<\/strong><\/span> amb la tem\u00e0tica de la <span style=\"color: #ff00ff;\"><strong>Festa Major !!<\/strong><\/span> i com \u00e9s tradici\u00f3 fer un concurs de cartells en moltes poblacions d&#8217;arreu de Catalunya quan celebren la Festa Major, doncs en la nostra <strong><span style=\"color: #ff0000;\">Festa Major Escolar<\/span><\/strong> tamb\u00e9 hem fet el <strong><span style=\"color: #3366ff;\">1r Concurs de Cartells Digitals!! <\/span><\/strong>Tot l&#8217;alumnat i el Claustre hem votat per elegir el cartell guanyador i el dimecres 21 sabrem el premiat.<\/p>\n<p>El dimarts vam sortir a penjar tots el cartells pels diferents establiments del poble, per a qu\u00e8 tots els anglesolins i anglesolines estigueu assabentats de totes les activitats que farem aquests dies a l&#8217;escola, i n&#8217;hi han algunes obertes al p\u00fablic, per tant,\u00a0 <strong><span style=\"color: #800080;\">us hi esperem a tots i a totes!!\u00a0<\/span><\/strong> \ud83d\ude09<\/p>\n<p><span style=\"color: #000000;\">U<\/span>s deixem una fotografia on podeu veure tots els cartells elaborats per l&#8217;alumnat de 6\u00e8. Tots s\u00f3n molt bonics i creatius, oi?? \ud83d\ude00\u00a0 Felicitats nois i noies!!!<\/p>\n<p>&nbsp;<\/p>\n<p><img loading=\"lazy\" decoding=\"async\" class=\"size-medium wp-image-6048 aligncenter\" src=\"https:\/\/agora.xtec.cat\/ceip-santacreu-anglesola\/wp-content\/uploads\/usu483\/2023\/06\/Titol-300x188.png\" alt=\"\" width=\"300\" height=\"188\" srcset=\"https:\/\/agora.xtec.cat\/ceip-santacreu-anglesola\/wp-content\/uploads\/usu483\/2023\/06\/Titol-300x188.png 300w, https:\/\/agora.xtec.cat\/ceip-santacreu-anglesola\/wp-content\/uploads\/usu483\/2023\/06\/Titol-1024x640.png 1024w, https:\/\/agora.xtec.cat\/ceip-santacreu-anglesola\/wp-content\/uploads\/usu483\/2023\/06\/Titol-768x480.png 768w, https:\/\/agora.xtec.cat\/ceip-santacreu-anglesola\/wp-content\/uploads\/usu483\/2023\/06\/Titol.png 1440w\" sizes=\"auto, (max-width: 300px) 100vw, 300px\" \/><\/p>\n<p><img loading=\"lazy\" decoding=\"async\" class=\" wp-image-6043 aligncenter\" src=\"https:\/\/agora.xtec.cat\/ceip-santacreu-anglesola\/wp-content\/uploads\/usu483\/2023\/06\/20230614_094208-300x135.jpg\" alt=\"\" width=\"413\" height=\"186\" srcset=\"https:\/\/agora.xtec.cat\/ceip-santacreu-anglesola\/wp-content\/uploads\/usu483\/2023\/06\/20230614_094208-300x135.jpg 300w, https:\/\/agora.xtec.cat\/ceip-santacreu-anglesola\/wp-content\/uploads\/usu483\/2023\/06\/20230614_094208-1024x461.jpg 1024w, https:\/\/agora.xtec.cat\/ceip-santacreu-anglesola\/wp-content\/uploads\/usu483\/2023\/06\/20230614_094208-768x346.jpg 768w, https:\/\/agora.xtec.cat\/ceip-santacreu-anglesola\/wp-content\/uploads\/usu483\/2023\/06\/20230614_094208-1536x691.jpg 1536w, https:\/\/agora.xtec.cat\/ceip-santacreu-anglesola\/wp-content\/uploads\/usu483\/2023\/06\/20230614_094208-2048x922.jpg 2048w\" sizes=\"auto, (max-width: 413px) 100vw, 413px\" \/><\/p>\n","protected":false},"excerpt":{"rendered":"<p>Ja som a la recta final del curs i estem a punt de comen\u00e7ar la Setmana Cultural amb la tem\u00e0tica de la Festa Major !! i com \u00e9s tradici\u00f3 fer un concurs de cartells en moltes poblacions d&#8217;arreu de Catalunya quan celebren la Festa Major,&hellip;  <a href=\"https:\/\/agora.xtec.cat\/ceip-santacreu-anglesola\/general\/1r-concurs-de-cartells-digitals\/\" title=\"Read 1r Concurs de Cartells Digitals\">Llegeix m\u00e9s\u00bb<\/a><\/p>\n","protected":false},"author":1,"featured_media":6048,"comment_status":"closed","ping_status":"closed","sticky":false,"template":"","format":"standard","meta":{"_bbp_topic_count":0,"_bbp_reply_count":0,"_bbp_total_topic_count":0,"_bbp_total_reply_count":0,"_bbp_voice_count":0,"_bbp_anonymous_reply_count":0,"_bbp_topic_count_hidden":0,"_bbp_reply_count_hidden":0,"_bbp_forum_subforum_count":0,"footnotes":""},"categories":[15,1,4],"tags":[],"class_list":["post-6042","post","type-post","status-publish","format-standard","has-post-thumbnail","hentry","category-6e","category-general","category-portada"],"post_mailing_queue_ids":[],"_links":{"self":[{"href":"https:\/\/agora.xtec.cat\/ceip-santacreu-anglesola\/wp-json\/wp\/v2\/posts\/6042","targetHints":{"allow":["GET"]}}],"collection":[{"href":"https:\/\/agora.xtec.cat\/ceip-santacreu-anglesola\/wp-json\/wp\/v2\/posts"}],"about":[{"href":"https:\/\/agora.xtec.cat\/ceip-santacreu-anglesola\/wp-json\/wp\/v2\/types\/post"}],"author":[{"embeddable":true,"href":"https:\/\/agora.xtec.cat\/ceip-santacreu-anglesola\/wp-json\/wp\/v2\/users\/1"}],"replies":[{"embeddable":true,"href":"https:\/\/agora.xtec.cat\/ceip-santacreu-anglesola\/wp-json\/wp\/v2\/comments?post=6042"}],"version-history":[{"count":3,"href":"https:\/\/agora.xtec.cat\/ceip-santacreu-anglesola\/wp-json\/wp\/v2\/posts\/6042\/revisions"}],"predecessor-version":[{"id":6182,"href":"https:\/\/agora.xtec.cat\/ceip-santacreu-anglesola\/wp-json\/wp\/v2\/posts\/6042\/revisions\/6182"}],"wp:featuredmedia":[{"embeddable":true,"href":"https:\/\/agora.xtec.cat\/ceip-santacreu-anglesola\/wp-json\/wp\/v2\/media\/6048"}],"wp:attachment":[{"href":"https:\/\/agora.xtec.cat\/ceip-santacreu-anglesola\/wp-json\/wp\/v2\/media?parent=6042"}],"wp:term":[{"taxonomy":"category","embeddable":true,"href":"https:\/\/agora.xtec.cat\/ceip-santacreu-anglesola\/wp-json\/wp\/v2\/categories?post=6042"},{"taxonomy":"post_tag","embeddable":true,"href":"https:\/\/agora.xtec.cat\/ceip-santacreu-anglesola\/wp-json\/wp\/v2\/tags?post=6042"}],"curies":[{"name":"wp","href":"https:\/\/api.w.org\/{rel}","templated":true}]}}