{"id":6036,"date":"2023-06-08T15:02:17","date_gmt":"2023-06-08T13:02:17","guid":{"rendered":"https:\/\/agora.xtec.cat\/ceip-santacreu-anglesola\/?p=6036"},"modified":"2023-09-05T10:36:14","modified_gmt":"2023-09-05T08:36:14","slug":"dia-mundial-dels-oceans-2","status":"publish","type":"post","link":"https:\/\/agora.xtec.cat\/ceip-santacreu-anglesola\/general\/dia-mundial-dels-oceans-2\/","title":{"rendered":"DIA MUNDIAL DELS OCEANS"},"content":{"rendered":"<p style=\"text-align: center;\">El dia 8 de juny l\u2019alumnat d\u2019educaci\u00f3 infantil hem celebrat el Dia Mundial dels Oceans. Aquesta data es reconeix com un dia internacional per reflexionar sobre la gesti\u00f3 sostenible i la protecci\u00f3 dels oceans. Aprofitant el treball del projecte Vida submarina, hem rebut la visita d\u2019un submarinista que ens ha mostrat tot l\u2019equipament necessari per a la immersi\u00f3, ens a ensenyat v\u00eddeos del fons mar\u00ed, i ens ha explicat moltes curiositats tot responent a les nostres preguntes i inquietuds.<\/p>\n<p style=\"text-align: center;\">Moltes gr\u00e0cies Arturo per compartir amb nosaltres alguns dels secrets del mar!<\/p>\n<p><img loading=\"lazy\" decoding=\"async\" class=\"wp-image-6037 aligncenter\" src=\"https:\/\/agora.xtec.cat\/ceip-santacreu-anglesola\/wp-content\/uploads\/usu483\/2023\/06\/buzo.png\" alt=\"\" width=\"274\" height=\"274\" srcset=\"https:\/\/agora.xtec.cat\/ceip-santacreu-anglesola\/wp-content\/uploads\/usu483\/2023\/06\/buzo.png 512w, https:\/\/agora.xtec.cat\/ceip-santacreu-anglesola\/wp-content\/uploads\/usu483\/2023\/06\/buzo-300x300.png 300w, https:\/\/agora.xtec.cat\/ceip-santacreu-anglesola\/wp-content\/uploads\/usu483\/2023\/06\/buzo-150x150.png 150w\" sizes=\"auto, (max-width: 274px) 100vw, 274px\" \/><\/p>\n<p>&nbsp;<\/p>\n","protected":false},"excerpt":{"rendered":"<p>El dia 8 de juny l\u2019alumnat d\u2019educaci\u00f3 infantil hem celebrat el Dia Mundial dels Oceans. Aquesta data es reconeix com un dia internacional per reflexionar sobre la gesti\u00f3 sostenible i la protecci\u00f3 dels oceans. Aprofitant el treball del projecte Vida submarina, hem rebut la visita&hellip;  <a href=\"https:\/\/agora.xtec.cat\/ceip-santacreu-anglesola\/general\/dia-mundial-dels-oceans-2\/\" title=\"Read DIA MUNDIAL DELS OCEANS\">Llegeix m\u00e9s\u00bb<\/a><\/p>\n","protected":false},"author":1,"featured_media":0,"comment_status":"open","ping_status":"closed","sticky":false,"template":"","format":"standard","meta":{"_bbp_topic_count":0,"_bbp_reply_count":0,"_bbp_total_topic_count":0,"_bbp_total_reply_count":0,"_bbp_voice_count":0,"_bbp_anonymous_reply_count":0,"_bbp_topic_count_hidden":0,"_bbp_reply_count_hidden":0,"_bbp_forum_subforum_count":0,"footnotes":""},"categories":[1,4],"tags":[],"class_list":["post-6036","post","type-post","status-publish","format-standard","hentry","category-general","category-portada"],"post_mailing_queue_ids":[],"_links":{"self":[{"href":"https:\/\/agora.xtec.cat\/ceip-santacreu-anglesola\/wp-json\/wp\/v2\/posts\/6036","targetHints":{"allow":["GET"]}}],"collection":[{"href":"https:\/\/agora.xtec.cat\/ceip-santacreu-anglesola\/wp-json\/wp\/v2\/posts"}],"about":[{"href":"https:\/\/agora.xtec.cat\/ceip-santacreu-anglesola\/wp-json\/wp\/v2\/types\/post"}],"author":[{"embeddable":true,"href":"https:\/\/agora.xtec.cat\/ceip-santacreu-anglesola\/wp-json\/wp\/v2\/users\/1"}],"replies":[{"embeddable":true,"href":"https:\/\/agora.xtec.cat\/ceip-santacreu-anglesola\/wp-json\/wp\/v2\/comments?post=6036"}],"version-history":[{"count":4,"href":"https:\/\/agora.xtec.cat\/ceip-santacreu-anglesola\/wp-json\/wp\/v2\/posts\/6036\/revisions"}],"predecessor-version":[{"id":6183,"href":"https:\/\/agora.xtec.cat\/ceip-santacreu-anglesola\/wp-json\/wp\/v2\/posts\/6036\/revisions\/6183"}],"wp:attachment":[{"href":"https:\/\/agora.xtec.cat\/ceip-santacreu-anglesola\/wp-json\/wp\/v2\/media?parent=6036"}],"wp:term":[{"taxonomy":"category","embeddable":true,"href":"https:\/\/agora.xtec.cat\/ceip-santacreu-anglesola\/wp-json\/wp\/v2\/categories?post=6036"},{"taxonomy":"post_tag","embeddable":true,"href":"https:\/\/agora.xtec.cat\/ceip-santacreu-anglesola\/wp-json\/wp\/v2\/tags?post=6036"}],"curies":[{"name":"wp","href":"https:\/\/api.w.org\/{rel}","templated":true}]}}