{"id":6008,"date":"2023-05-30T13:47:15","date_gmt":"2023-05-30T11:47:15","guid":{"rendered":"https:\/\/agora.xtec.cat\/ceip-santacreu-anglesola\/?p=6008"},"modified":"2023-09-05T10:37:01","modified_gmt":"2023-09-05T08:37:01","slug":"sortida-al-port-de-tarragona","status":"publish","type":"post","link":"https:\/\/agora.xtec.cat\/ceip-santacreu-anglesola\/general\/sortida-al-port-de-tarragona\/","title":{"rendered":"SORTIDA AL PORT DE TARRAGONA"},"content":{"rendered":"<p>El passat dilluns\u00a0 22 de maig, els alumnes d&#8217;Educaci\u00f3 Infantil, van ser for\u00e7a matiners!<\/p>\n<p>A les 8:30 del mat\u00ed, vam pujar a l&#8217;autocar que ens portaria a Tarragona. Tan bon punt vam arribar, ja ens esperaven les educadores del Port per donar-nos la benvinguda i donar-nos una armilla salvavides&#8230; doncs hav\u00edem de pujar a un vaixell! Vam con\u00e8ixer el capit\u00e0, en Llu\u00eds, que ens va fer un passeig molt agradable per tot el port. Vam con\u00e8ixer els diferents tipus de vaixell: els de c\u00e0rrega, els iots&#8230; i tamb\u00e9 vam con\u00e8ixer les diferents aus que habiten al port.<\/p>\n<p>Despr\u00e9s d&#8217;aquest passeig vam esmorzar i ja vam anar a con\u00e8ixer l&#8217;Espai Blau, situat a la Llotja del Barri del Serrallo. All\u00ed, ens van explicar un conte i vam con\u00e8ixer els diferents peixos que viuen al Mar Mediterrani.<\/p>\n<p>Vam dinar a un parc pr\u00f2xim a la llotja, i despr\u00e9s de jugar una estona, vam anar al Museu del Port, on ens van explicar moltes curiositats dels pescadors i del m\u00f3n mar\u00edtim. Finalment\u00a0 vam veure l&#8217;autocar que ens deia que era hora de tornar a Anglesola. Vam passar un dia molt bonic i vam aprendre moltes coses!<\/p>\n<p>Cliqueu a la imatge per veure les fotografies.<\/p>\n<p>&nbsp;<\/p>\n<p><img loading=\"lazy\" decoding=\"async\" class=\"alignnone\" src=\"https:\/\/tripkay.com\/destination-guides\/wp-content\/uploads\/2016\/08\/El-Serrallo-panoramic-view-Joan-Capdevila-1024x454.jpg\" alt=\"Fisherman's district el Serrallo, Tarragona, Spain. What to visit? - Tripkay\" width=\"620\" height=\"275\" \/><\/p>\n<p>&nbsp;<\/p>\n","protected":false},"excerpt":{"rendered":"<p>El passat dilluns\u00a0 22 de maig, els alumnes d&#8217;Educaci\u00f3 Infantil, van ser for\u00e7a matiners!<br \/>\nA les 8:30 del mat\u00ed, vam pujar a l&#8217;autocar que ens portaria a Tarragona. Tan bon punt vam arribar, ja ens esperaven les educadores del Port per donar-nos la benvinguda i donar-nos&hellip;  <a href=\"https:\/\/agora.xtec.cat\/ceip-santacreu-anglesola\/general\/sortida-al-port-de-tarragona\/\" title=\"Read SORTIDA AL PORT DE TARRAGONA\">Llegeix m\u00e9s\u00bb<\/a><\/p>\n","protected":false},"author":24,"featured_media":0,"comment_status":"open","ping_status":"closed","sticky":false,"template":"","format":"standard","meta":{"_bbp_topic_count":0,"_bbp_reply_count":0,"_bbp_total_topic_count":0,"_bbp_total_reply_count":0,"_bbp_voice_count":0,"_bbp_anonymous_reply_count":0,"_bbp_topic_count_hidden":0,"_bbp_reply_count_hidden":0,"_bbp_forum_subforum_count":0,"footnotes":""},"categories":[1,4],"tags":[],"class_list":["post-6008","post","type-post","status-publish","format-standard","hentry","category-general","category-portada"],"post_mailing_queue_ids":[],"_links":{"self":[{"href":"https:\/\/agora.xtec.cat\/ceip-santacreu-anglesola\/wp-json\/wp\/v2\/posts\/6008","targetHints":{"allow":["GET"]}}],"collection":[{"href":"https:\/\/agora.xtec.cat\/ceip-santacreu-anglesola\/wp-json\/wp\/v2\/posts"}],"about":[{"href":"https:\/\/agora.xtec.cat\/ceip-santacreu-anglesola\/wp-json\/wp\/v2\/types\/post"}],"author":[{"embeddable":true,"href":"https:\/\/agora.xtec.cat\/ceip-santacreu-anglesola\/wp-json\/wp\/v2\/users\/24"}],"replies":[{"embeddable":true,"href":"https:\/\/agora.xtec.cat\/ceip-santacreu-anglesola\/wp-json\/wp\/v2\/comments?post=6008"}],"version-history":[{"count":4,"href":"https:\/\/agora.xtec.cat\/ceip-santacreu-anglesola\/wp-json\/wp\/v2\/posts\/6008\/revisions"}],"predecessor-version":[{"id":6185,"href":"https:\/\/agora.xtec.cat\/ceip-santacreu-anglesola\/wp-json\/wp\/v2\/posts\/6008\/revisions\/6185"}],"wp:attachment":[{"href":"https:\/\/agora.xtec.cat\/ceip-santacreu-anglesola\/wp-json\/wp\/v2\/media?parent=6008"}],"wp:term":[{"taxonomy":"category","embeddable":true,"href":"https:\/\/agora.xtec.cat\/ceip-santacreu-anglesola\/wp-json\/wp\/v2\/categories?post=6008"},{"taxonomy":"post_tag","embeddable":true,"href":"https:\/\/agora.xtec.cat\/ceip-santacreu-anglesola\/wp-json\/wp\/v2\/tags?post=6008"}],"curies":[{"name":"wp","href":"https:\/\/api.w.org\/{rel}","templated":true}]}}