{"id":6002,"date":"2023-05-17T14:21:01","date_gmt":"2023-05-17T12:21:01","guid":{"rendered":"https:\/\/agora.xtec.cat\/ceip-santacreu-anglesola\/?p=6002"},"modified":"2023-09-05T10:37:21","modified_gmt":"2023-09-05T08:37:21","slug":"sortida-al-jungle-trek","status":"publish","type":"post","link":"https:\/\/agora.xtec.cat\/ceip-santacreu-anglesola\/general\/sortida-al-jungle-trek\/","title":{"rendered":"SORTIDA AL JUNGLE TREK"},"content":{"rendered":"<p>El dijous 11 de maig tot l&#8217;alumnat de prim\u00e0ria vam anar al parc d&#8217;aventura i tirolines <a href=\"https:\/\/jungle-trek.com\/ca\/inici\/\" target=\"_blank\" rel=\"noopener\"><strong>&#8220;Jungle Trek&#8221;<\/strong><\/a>. All\u00e0 vam poder gaudir de diferents circuits per nivells de dificultat. Vam poder posar a prova les nostres pors i els nostres l\u00edmits llen\u00e7ant-nos per tirolines infinites i pujant a arbres molt alts. Aix\u00f2 s\u00ed, sempre assegurats i sota la supervisi\u00f3 de mestres i monitor\/es.<\/p>\n<p>Fou un dia genial \ud83d\ude09 Si voleu veure les foto cliqueu a la imatge.<\/p>\n<p><img loading=\"lazy\" decoding=\"async\" class=\"aligncenter wp-image-6003\" src=\"https:\/\/agora.xtec.cat\/ceip-santacreu-anglesola\/wp-content\/uploads\/usu483\/2023\/05\/1.png\" alt=\"\" width=\"371\" height=\"371\" srcset=\"https:\/\/agora.xtec.cat\/ceip-santacreu-anglesola\/wp-content\/uploads\/usu483\/2023\/05\/1.png 700w, https:\/\/agora.xtec.cat\/ceip-santacreu-anglesola\/wp-content\/uploads\/usu483\/2023\/05\/1-300x300.png 300w, https:\/\/agora.xtec.cat\/ceip-santacreu-anglesola\/wp-content\/uploads\/usu483\/2023\/05\/1-150x150.png 150w\" sizes=\"auto, (max-width: 371px) 100vw, 371px\" \/><\/p>\n","protected":false},"excerpt":{"rendered":"<p>El dijous 11 de maig tot l&#8217;alumnat de prim\u00e0ria vam anar al parc d&#8217;aventura i tirolines <a href=\"https:\/\/jungle-trek.com\/ca\/inici\/\" target=\"_blank\" rel=\"noopener\">&#8220;Jungle Trek&#8221;<\/a>. All\u00e0 vam poder gaudir de diferents circuits per nivells de dificultat. Vam poder posar a prova les nostres pors i els nostres l\u00edmits llen\u00e7ant-nos&hellip;  <a href=\"https:\/\/agora.xtec.cat\/ceip-santacreu-anglesola\/general\/sortida-al-jungle-trek\/\" title=\"Read SORTIDA AL JUNGLE TREK\">Llegeix m\u00e9s\u00bb<\/a><\/p>\n","protected":false},"author":11,"featured_media":0,"comment_status":"open","ping_status":"closed","sticky":false,"template":"","format":"standard","meta":{"_bbp_topic_count":0,"_bbp_reply_count":0,"_bbp_total_topic_count":0,"_bbp_total_reply_count":0,"_bbp_voice_count":0,"_bbp_anonymous_reply_count":0,"_bbp_topic_count_hidden":0,"_bbp_reply_count_hidden":0,"_bbp_forum_subforum_count":0,"footnotes":""},"categories":[1,4,5],"tags":[],"class_list":["post-6002","post","type-post","status-publish","format-standard","hentry","category-general","category-portada","category-primaria"],"post_mailing_queue_ids":[],"_links":{"self":[{"href":"https:\/\/agora.xtec.cat\/ceip-santacreu-anglesola\/wp-json\/wp\/v2\/posts\/6002","targetHints":{"allow":["GET"]}}],"collection":[{"href":"https:\/\/agora.xtec.cat\/ceip-santacreu-anglesola\/wp-json\/wp\/v2\/posts"}],"about":[{"href":"https:\/\/agora.xtec.cat\/ceip-santacreu-anglesola\/wp-json\/wp\/v2\/types\/post"}],"author":[{"embeddable":true,"href":"https:\/\/agora.xtec.cat\/ceip-santacreu-anglesola\/wp-json\/wp\/v2\/users\/11"}],"replies":[{"embeddable":true,"href":"https:\/\/agora.xtec.cat\/ceip-santacreu-anglesola\/wp-json\/wp\/v2\/comments?post=6002"}],"version-history":[{"count":3,"href":"https:\/\/agora.xtec.cat\/ceip-santacreu-anglesola\/wp-json\/wp\/v2\/posts\/6002\/revisions"}],"predecessor-version":[{"id":6186,"href":"https:\/\/agora.xtec.cat\/ceip-santacreu-anglesola\/wp-json\/wp\/v2\/posts\/6002\/revisions\/6186"}],"wp:attachment":[{"href":"https:\/\/agora.xtec.cat\/ceip-santacreu-anglesola\/wp-json\/wp\/v2\/media?parent=6002"}],"wp:term":[{"taxonomy":"category","embeddable":true,"href":"https:\/\/agora.xtec.cat\/ceip-santacreu-anglesola\/wp-json\/wp\/v2\/categories?post=6002"},{"taxonomy":"post_tag","embeddable":true,"href":"https:\/\/agora.xtec.cat\/ceip-santacreu-anglesola\/wp-json\/wp\/v2\/tags?post=6002"}],"curies":[{"name":"wp","href":"https:\/\/api.w.org\/{rel}","templated":true}]}}