{"id":5993,"date":"2023-05-10T13:48:50","date_gmt":"2023-05-10T11:48:50","guid":{"rendered":"https:\/\/agora.xtec.cat\/ceip-santacreu-anglesola\/?p=5993"},"modified":"2023-09-05T10:37:42","modified_gmt":"2023-09-05T08:37:42","slug":"bicicletada-2","status":"publish","type":"post","link":"https:\/\/agora.xtec.cat\/ceip-santacreu-anglesola\/general\/bicicletada-2\/","title":{"rendered":"BICICLETADA"},"content":{"rendered":"<p>El divendres passat l&#8217;alumnat de 4t, 5\u00e8 i 6\u00e8 junt amb alguns mestres vam gaudir d&#8217;una tarda esportiva molt saludable. Vam agafar les bicicletes i vam anar fins a les Cases de Barbens. All\u00e0 vam poder beure aigua i menjar fruits secs i pl\u00e0tan, un berenar molt saludable carregat d&#8217;energia per a recuperar-nos del viatge i per agafar for\u00e7a per la tornada. Va ser una tarda diferent, molt divertida i ens va acompanyar el bon temps.<\/p>\n<p>Podeu veure les fotos fent clic a la imatge.<\/p>\n<p><img loading=\"lazy\" decoding=\"async\" class=\"aligncenter wp-image-5994\" src=\"https:\/\/agora.xtec.cat\/ceip-santacreu-anglesola\/wp-content\/uploads\/usu483\/2023\/05\/pasted-image-0-300x200.png\" alt=\"\" width=\"285\" height=\"190\" \/><\/p>\n","protected":false},"excerpt":{"rendered":"<p>El divendres passat l&#8217;alumnat de 4t, 5\u00e8 i 6\u00e8 junt amb alguns mestres vam gaudir d&#8217;una tarda esportiva molt saludable. Vam agafar les bicicletes i vam anar fins a les Cases de Barbens. All\u00e0 vam poder beure aigua i menjar fruits secs i pl\u00e0tan, un&hellip;  <a href=\"https:\/\/agora.xtec.cat\/ceip-santacreu-anglesola\/general\/bicicletada-2\/\" title=\"Read BICICLETADA\">Llegeix m\u00e9s\u00bb<\/a><\/p>\n","protected":false},"author":1,"featured_media":5994,"comment_status":"closed","ping_status":"closed","sticky":false,"template":"","format":"standard","meta":{"_bbp_topic_count":0,"_bbp_reply_count":0,"_bbp_total_topic_count":0,"_bbp_total_reply_count":0,"_bbp_voice_count":0,"_bbp_anonymous_reply_count":0,"_bbp_topic_count_hidden":0,"_bbp_reply_count_hidden":0,"_bbp_forum_subforum_count":0,"footnotes":""},"categories":[13,14,15,1,4,5],"tags":[],"class_list":["post-5993","post","type-post","status-publish","format-standard","has-post-thumbnail","hentry","category-4t","category-5e","category-6e","category-general","category-portada","category-primaria"],"post_mailing_queue_ids":[],"_links":{"self":[{"href":"https:\/\/agora.xtec.cat\/ceip-santacreu-anglesola\/wp-json\/wp\/v2\/posts\/5993","targetHints":{"allow":["GET"]}}],"collection":[{"href":"https:\/\/agora.xtec.cat\/ceip-santacreu-anglesola\/wp-json\/wp\/v2\/posts"}],"about":[{"href":"https:\/\/agora.xtec.cat\/ceip-santacreu-anglesola\/wp-json\/wp\/v2\/types\/post"}],"author":[{"embeddable":true,"href":"https:\/\/agora.xtec.cat\/ceip-santacreu-anglesola\/wp-json\/wp\/v2\/users\/1"}],"replies":[{"embeddable":true,"href":"https:\/\/agora.xtec.cat\/ceip-santacreu-anglesola\/wp-json\/wp\/v2\/comments?post=5993"}],"version-history":[{"count":3,"href":"https:\/\/agora.xtec.cat\/ceip-santacreu-anglesola\/wp-json\/wp\/v2\/posts\/5993\/revisions"}],"predecessor-version":[{"id":6187,"href":"https:\/\/agora.xtec.cat\/ceip-santacreu-anglesola\/wp-json\/wp\/v2\/posts\/5993\/revisions\/6187"}],"wp:featuredmedia":[{"embeddable":true,"href":"https:\/\/agora.xtec.cat\/ceip-santacreu-anglesola\/wp-json\/wp\/v2\/media\/5994"}],"wp:attachment":[{"href":"https:\/\/agora.xtec.cat\/ceip-santacreu-anglesola\/wp-json\/wp\/v2\/media?parent=5993"}],"wp:term":[{"taxonomy":"category","embeddable":true,"href":"https:\/\/agora.xtec.cat\/ceip-santacreu-anglesola\/wp-json\/wp\/v2\/categories?post=5993"},{"taxonomy":"post_tag","embeddable":true,"href":"https:\/\/agora.xtec.cat\/ceip-santacreu-anglesola\/wp-json\/wp\/v2\/tags?post=5993"}],"curies":[{"name":"wp","href":"https:\/\/api.w.org\/{rel}","templated":true}]}}