{"id":5975,"date":"2023-04-27T16:35:44","date_gmt":"2023-04-27T14:35:44","guid":{"rendered":"https:\/\/agora.xtec.cat\/ceip-santacreu-anglesola\/?p=5975"},"modified":"2023-09-05T10:38:20","modified_gmt":"2023-09-05T08:38:20","slug":"exposicio-contagia-solidaritat","status":"publish","type":"post","link":"https:\/\/agora.xtec.cat\/ceip-santacreu-anglesola\/general\/exposicio-contagia-solidaritat\/","title":{"rendered":"Exposici\u00f3 Contagia Solidaritat"},"content":{"rendered":"<p>Durant aquests dies tenim a l&#8217;escola l&#8217;exposici\u00f3: &#8220;<strong>Contagia Solidaritat<\/strong>&#8221; cedida per <strong>Mans Unides<\/strong>, i l&#8217;estem visitant amb els diferents grups per sensibilitzar sobre la lluita contra la fam i la pobresa. \u00c9s una forma m\u00e9s de parlar dels Objectius de Desenvolupament que ens marca l&#8217;ONU per aconseguir abans del 2030 i que durant aquest trimestre estem treballant a les aules.<\/p>\n<p>\u00danicament amb la participaci\u00f3 de tothom podrem caminar cap a un m\u00f3n on els drets humans deixin de ser una declaraci\u00f3 d&#8217;intencions per a convertir-se en una realitat. En un m\u00f3n global, on cada cop m\u00e9s, es posa de manifest que tots els \u00e9ssers humans som vulnerables, la paraula solidaritat assoleix ple significat.<\/p>\n<p>Gr\u00e0cies a la solidaritat i comprom\u00eds de tothom ser\u00e0 possible construir un futur d&#8217;esperan\u00e7a on ning\u00fa es quedi enrere i des de l&#8217;escola t&#8217;animem a contagiar-te!<\/p>\n<div class=\"field field-name-body field-type-text-with-summary field-label-hidden\">\n<div class=\"field-items\">\n<p><img loading=\"lazy\" decoding=\"async\" class=\"alignnone size-medium wp-image-5976\" src=\"https:\/\/agora.xtec.cat\/ceip-santacreu-anglesola\/wp-content\/uploads\/usu483\/2023\/04\/1IMG_20230427_092647-300x225.jpg\" alt=\"\" width=\"300\" height=\"225\" srcset=\"https:\/\/agora.xtec.cat\/ceip-santacreu-anglesola\/wp-content\/uploads\/usu483\/2023\/04\/1IMG_20230427_092647-300x225.jpg 300w, https:\/\/agora.xtec.cat\/ceip-santacreu-anglesola\/wp-content\/uploads\/usu483\/2023\/04\/1IMG_20230427_092647-1024x768.jpg 1024w, https:\/\/agora.xtec.cat\/ceip-santacreu-anglesola\/wp-content\/uploads\/usu483\/2023\/04\/1IMG_20230427_092647-768x576.jpg 768w, https:\/\/agora.xtec.cat\/ceip-santacreu-anglesola\/wp-content\/uploads\/usu483\/2023\/04\/1IMG_20230427_092647-1536x1152.jpg 1536w, https:\/\/agora.xtec.cat\/ceip-santacreu-anglesola\/wp-content\/uploads\/usu483\/2023\/04\/1IMG_20230427_092647-2048x1536.jpg 2048w, https:\/\/agora.xtec.cat\/ceip-santacreu-anglesola\/wp-content\/uploads\/usu483\/2023\/04\/1IMG_20230427_092647-200x150.jpg 200w\" sizes=\"auto, (max-width: 300px) 100vw, 300px\" \/> <img loading=\"lazy\" decoding=\"async\" class=\"alignnone size-medium wp-image-5977\" src=\"https:\/\/agora.xtec.cat\/ceip-santacreu-anglesola\/wp-content\/uploads\/usu483\/2023\/04\/2IMG_20230427_092820-300x225.jpg\" alt=\"\" width=\"300\" height=\"225\" srcset=\"https:\/\/agora.xtec.cat\/ceip-santacreu-anglesola\/wp-content\/uploads\/usu483\/2023\/04\/2IMG_20230427_092820-300x225.jpg 300w, https:\/\/agora.xtec.cat\/ceip-santacreu-anglesola\/wp-content\/uploads\/usu483\/2023\/04\/2IMG_20230427_092820-1024x768.jpg 1024w, https:\/\/agora.xtec.cat\/ceip-santacreu-anglesola\/wp-content\/uploads\/usu483\/2023\/04\/2IMG_20230427_092820-768x576.jpg 768w, https:\/\/agora.xtec.cat\/ceip-santacreu-anglesola\/wp-content\/uploads\/usu483\/2023\/04\/2IMG_20230427_092820-1536x1152.jpg 1536w, https:\/\/agora.xtec.cat\/ceip-santacreu-anglesola\/wp-content\/uploads\/usu483\/2023\/04\/2IMG_20230427_092820-2048x1536.jpg 2048w, https:\/\/agora.xtec.cat\/ceip-santacreu-anglesola\/wp-content\/uploads\/usu483\/2023\/04\/2IMG_20230427_092820-200x150.jpg 200w\" sizes=\"auto, (max-width: 300px) 100vw, 300px\" \/><\/p>\n<\/div>\n<\/div>\n","protected":false},"excerpt":{"rendered":"<p>Durant aquests dies tenim a l&#8217;escola l&#8217;exposici\u00f3: &#8220;Contagia Solidaritat&#8221; cedida per Mans Unides, i l&#8217;estem visitant amb els diferents grups per sensibilitzar sobre la lluita contra la fam i la pobresa. \u00c9s una forma m\u00e9s de parlar dels Objectius de Desenvolupament que ens marca l&#8217;ONU&hellip;  <a href=\"https:\/\/agora.xtec.cat\/ceip-santacreu-anglesola\/general\/exposicio-contagia-solidaritat\/\" title=\"Read Exposici\u00f3 Contagia Solidaritat\">Llegeix m\u00e9s\u00bb<\/a><\/p>\n","protected":false},"author":1,"featured_media":0,"comment_status":"open","ping_status":"closed","sticky":false,"template":"","format":"standard","meta":{"_bbp_topic_count":0,"_bbp_reply_count":0,"_bbp_total_topic_count":0,"_bbp_total_reply_count":0,"_bbp_voice_count":0,"_bbp_anonymous_reply_count":0,"_bbp_topic_count_hidden":0,"_bbp_reply_count_hidden":0,"_bbp_forum_subforum_count":0,"footnotes":""},"categories":[1,4],"tags":[],"class_list":["post-5975","post","type-post","status-publish","format-standard","hentry","category-general","category-portada"],"post_mailing_queue_ids":[],"_links":{"self":[{"href":"https:\/\/agora.xtec.cat\/ceip-santacreu-anglesola\/wp-json\/wp\/v2\/posts\/5975","targetHints":{"allow":["GET"]}}],"collection":[{"href":"https:\/\/agora.xtec.cat\/ceip-santacreu-anglesola\/wp-json\/wp\/v2\/posts"}],"about":[{"href":"https:\/\/agora.xtec.cat\/ceip-santacreu-anglesola\/wp-json\/wp\/v2\/types\/post"}],"author":[{"embeddable":true,"href":"https:\/\/agora.xtec.cat\/ceip-santacreu-anglesola\/wp-json\/wp\/v2\/users\/1"}],"replies":[{"embeddable":true,"href":"https:\/\/agora.xtec.cat\/ceip-santacreu-anglesola\/wp-json\/wp\/v2\/comments?post=5975"}],"version-history":[{"count":3,"href":"https:\/\/agora.xtec.cat\/ceip-santacreu-anglesola\/wp-json\/wp\/v2\/posts\/5975\/revisions"}],"predecessor-version":[{"id":6189,"href":"https:\/\/agora.xtec.cat\/ceip-santacreu-anglesola\/wp-json\/wp\/v2\/posts\/5975\/revisions\/6189"}],"wp:attachment":[{"href":"https:\/\/agora.xtec.cat\/ceip-santacreu-anglesola\/wp-json\/wp\/v2\/media?parent=5975"}],"wp:term":[{"taxonomy":"category","embeddable":true,"href":"https:\/\/agora.xtec.cat\/ceip-santacreu-anglesola\/wp-json\/wp\/v2\/categories?post=5975"},{"taxonomy":"post_tag","embeddable":true,"href":"https:\/\/agora.xtec.cat\/ceip-santacreu-anglesola\/wp-json\/wp\/v2\/tags?post=5975"}],"curies":[{"name":"wp","href":"https:\/\/api.w.org\/{rel}","templated":true}]}}