{"id":5952,"date":"2023-04-23T09:14:34","date_gmt":"2023-04-23T07:14:34","guid":{"rendered":"https:\/\/agora.xtec.cat\/ceip-santacreu-anglesola\/?p=5952"},"modified":"2023-09-05T10:38:58","modified_gmt":"2023-09-05T08:38:58","slug":"tarda-de-sant-jordi","status":"publish","type":"post","link":"https:\/\/agora.xtec.cat\/ceip-santacreu-anglesola\/general\/tarda-de-sant-jordi\/","title":{"rendered":"Tarda de Sant Jordi"},"content":{"rendered":"<p>El divendres 21 d&#8217;abril a la tarda v\u00e0rem celebrar la Diada de Sant Jordi amb la celebraci\u00f3 dels Jocs Florals. V\u00e0rem fer un recital de poemes, representacions, contes i auques elaborats per l&#8217;alumnat.<\/p>\n<p>Si cliqueu a la imatge podreu veure els v\u00eddeos de cada per grup classe.<\/p>\n<p><img loading=\"lazy\" decoding=\"async\" class=\"alignnone wp-image-5953 size-full\" src=\"https:\/\/agora.xtec.cat\/ceip-santacreu-anglesola\/wp-content\/uploads\/usu483\/2023\/04\/sant-jordi.jpg\" alt=\"\" width=\"292\" height=\"172\" \/><\/p>\n","protected":false},"excerpt":{"rendered":"<p>El divendres 21 d&#8217;abril a la tarda v\u00e0rem celebrar la Diada de Sant Jordi amb la celebraci\u00f3 dels Jocs Florals. V\u00e0rem fer un recital de poemes, representacions, contes i auques elaborats per l&#8217;alumnat.<br \/>\nSi cliqueu a la imatge podreu veure els v\u00eddeos de cada per grup&hellip;  <a href=\"https:\/\/agora.xtec.cat\/ceip-santacreu-anglesola\/general\/tarda-de-sant-jordi\/\" title=\"Read Tarda de Sant Jordi\">Llegeix m\u00e9s\u00bb<\/a><\/p>\n","protected":false},"author":1,"featured_media":0,"comment_status":"open","ping_status":"closed","sticky":false,"template":"","format":"standard","meta":{"_bbp_topic_count":0,"_bbp_reply_count":0,"_bbp_total_topic_count":0,"_bbp_total_reply_count":0,"_bbp_voice_count":0,"_bbp_anonymous_reply_count":0,"_bbp_topic_count_hidden":0,"_bbp_reply_count_hidden":0,"_bbp_forum_subforum_count":0,"footnotes":""},"categories":[1,4],"tags":[],"class_list":["post-5952","post","type-post","status-publish","format-standard","hentry","category-general","category-portada"],"post_mailing_queue_ids":[],"_links":{"self":[{"href":"https:\/\/agora.xtec.cat\/ceip-santacreu-anglesola\/wp-json\/wp\/v2\/posts\/5952","targetHints":{"allow":["GET"]}}],"collection":[{"href":"https:\/\/agora.xtec.cat\/ceip-santacreu-anglesola\/wp-json\/wp\/v2\/posts"}],"about":[{"href":"https:\/\/agora.xtec.cat\/ceip-santacreu-anglesola\/wp-json\/wp\/v2\/types\/post"}],"author":[{"embeddable":true,"href":"https:\/\/agora.xtec.cat\/ceip-santacreu-anglesola\/wp-json\/wp\/v2\/users\/1"}],"replies":[{"embeddable":true,"href":"https:\/\/agora.xtec.cat\/ceip-santacreu-anglesola\/wp-json\/wp\/v2\/comments?post=5952"}],"version-history":[{"count":3,"href":"https:\/\/agora.xtec.cat\/ceip-santacreu-anglesola\/wp-json\/wp\/v2\/posts\/5952\/revisions"}],"predecessor-version":[{"id":6191,"href":"https:\/\/agora.xtec.cat\/ceip-santacreu-anglesola\/wp-json\/wp\/v2\/posts\/5952\/revisions\/6191"}],"wp:attachment":[{"href":"https:\/\/agora.xtec.cat\/ceip-santacreu-anglesola\/wp-json\/wp\/v2\/media?parent=5952"}],"wp:term":[{"taxonomy":"category","embeddable":true,"href":"https:\/\/agora.xtec.cat\/ceip-santacreu-anglesola\/wp-json\/wp\/v2\/categories?post=5952"},{"taxonomy":"post_tag","embeddable":true,"href":"https:\/\/agora.xtec.cat\/ceip-santacreu-anglesola\/wp-json\/wp\/v2\/tags?post=5952"}],"curies":[{"name":"wp","href":"https:\/\/api.w.org\/{rel}","templated":true}]}}